{"id":6403,"date":"2019-07-28T13:41:21","date_gmt":"2019-07-28T11:41:21","guid":{"rendered":"http:\/\/lesmaconsdelacreuse.fr\/annuaire\/?p=6403"},"modified":"2020-01-20T11:27:12","modified_gmt":"2020-01-20T10:27:12","slug":"l_632","status":"publish","type":"post","link":"https:\/\/www.lesmaconsdelacreuse.fr\/annuaires\/lettre-l\/l_632\/","title":{"rendered":"LEBLANC Fran\u00e7ois (1810-1862)"},"content":{"rendered":"<p class=\"last-updated\"><strong>Mis \u00e0 jour le :<\/strong> 27\/04\/2026<\/p><h2 style=\"text-align: center;\"><strong>Fran\u00e7ois LEBLANC<\/strong><\/h2>\n<p style=\"text-align: center;\"><strong>1810 \u2013 1862<\/strong><\/p>\n<p style=\"text-align: center;\"><img decoding=\"async\" title=\"\" src=\"https:\/\/lesmaconsdelacreuse.fr\/annuaire\/wp-content\/uploads\/2019\/07\/image1-1557.jpg\" alt=\"\" data-source-id=\"i.0\" data-asset-id=\"6402\" \/><\/p>\n<h4 style=\"text-align: center;\"><span style=\"color: #008000;\"><strong>ma\u00e7on <\/strong>et <strong>propri\u00e9taire<\/strong> <strong>cultivateur<\/strong><\/span><\/h4>\n<p style=\"text-align: center;\">n\u00e9 \u00e0 La Borderie (Le Compeix)<\/p>\n<p style=\"text-align: center;\">le 18 f\u00e9vrier 1810<\/p>\n<p style=\"text-align: center;\">fils de<\/p>\n<p style=\"text-align: center;\">Jean-Baptiste LEBLANC \/ Anne PICON<\/p>\n<p style=\"text-align: center;\">laboureurs<\/p>\n<p style=\"text-align: center;\"><span style=\"color: #ffffff;\">\u25d9<\/span><\/p>\n<p><em>Fran\u00e7ois \u00e9pouse Catherine <\/em><strong>COTTET<\/strong><em> le 12 f\u00e9vrier <\/em><strong>1833<\/strong> <em>\u00e0 Saint-Martin-Ch\u00e2teau (contrat Berger \u00e0 Bourganeuf).<\/em><\/p>\n<p><em>Catherine d\u00e9c\u00e8de au Bost-Boussac le 19 f\u00e9vrier <\/em><strong>1835<\/strong><em>, \u00e2g\u00e9e de 27 ans. <\/em><\/p>\n<p><em>Fran\u00e7ois se remarie le 8 janvier <\/em><strong>1838<\/strong><em> \u00e0 Saint-Martin avec Anne Philippine <\/em><strong>COTTET<\/strong><em> (contrat Lepetit au Monteil-au-Vicomte). Cette union entre beau-fr\u00e8re et belle-s\u0153ur n\u00e9cessite une dispense royale.<\/em><\/p>\n<p><em>Philippine d\u00e9c\u00e8de au Bost-Boussac le 11 janvier <\/em><strong>1840<\/strong><em>, \u00e2g\u00e9e de 30 ans. <\/em><\/p>\n<p><em>Fran\u00e7ois se marie une troisi\u00e8me fois, le 20 janvier <\/em><strong>1842,<\/strong><em> \u00e0 Saint-Martin, avec Gilberte <\/em><strong>PARIS <\/strong><em>(contrat Jarrijon). Ils vivent aussi au Bost-Boussac. <\/em><\/p>\n<p><em>Ils y d\u00e9c\u00e8dent\u00a0:<\/em><\/p>\n<ul>\n<li><em>Fran\u00e7ois, le 16 septembre <\/em><strong>1862<\/strong><em>, \u00e2g\u00e9 de 52 ans<\/em><\/li>\n<li><em>Gilberte, le 29 octobre <\/em><strong>1891<\/strong><em>, \u00e2g\u00e9e de 69 ans<\/em><\/li>\n<\/ul>\n","protected":false},"excerpt":{"rendered":"<p>Mis \u00e0 jour le : 27\/04\/2026Fran\u00e7ois LEBLANC 1810 \u2013 1862 ma\u00e7on et propri\u00e9taire cultivateur n\u00e9 \u00e0 La Borderie (Le Compeix) le 18 f\u00e9vrier 1810 fils de Jean-Baptiste LEBLANC \/ Anne PICON laboureurs \u25d9 Fran\u00e7ois \u00e9pouse Catherine COTTET le 12 f\u00e9vrier 1833 \u00e0 Saint-Martin-Ch\u00e2teau (contrat Berger \u00e0 Bourganeuf). Catherine d\u00e9c\u00e8de au Bost-Boussac le 19 f\u00e9vrier 1835, ..<\/p>\n<div class=\"clear-fix\"><\/div>\n<p><a href=\"https:\/\/www.lesmaconsdelacreuse.fr\/annuaires\/lettre-l\/l_632\/\" title=\"Lire la suite...\">Lire la suite<\/a><\/p>\n","protected":false},"author":6,"featured_media":0,"comment_status":"closed","ping_status":"closed","sticky":false,"template":"","format":"standard","meta":{"_acf_changed":false,"_exactmetrics_skip_tracking":false,"_exactmetrics_sitenote_active":false,"_exactmetrics_sitenote_note":"","_exactmetrics_sitenote_category":0,"footnotes":""},"categories":[19],"tags":[],"class_list":["post-6403","post","type-post","status-publish","format-standard","hentry","category-lettre-l"],"acf":[],"_links":{"self":[{"href":"https:\/\/www.lesmaconsdelacreuse.fr\/annuaires\/wp-json\/wp\/v2\/posts\/6403","targetHints":{"allow":["GET"]}}],"collection":[{"href":"https:\/\/www.lesmaconsdelacreuse.fr\/annuaires\/wp-json\/wp\/v2\/posts"}],"about":[{"href":"https:\/\/www.lesmaconsdelacreuse.fr\/annuaires\/wp-json\/wp\/v2\/types\/post"}],"author":[{"embeddable":true,"href":"https:\/\/www.lesmaconsdelacreuse.fr\/annuaires\/wp-json\/wp\/v2\/users\/6"}],"replies":[{"embeddable":true,"href":"https:\/\/www.lesmaconsdelacreuse.fr\/annuaires\/wp-json\/wp\/v2\/comments?post=6403"}],"version-history":[{"count":0,"href":"https:\/\/www.lesmaconsdelacreuse.fr\/annuaires\/wp-json\/wp\/v2\/posts\/6403\/revisions"}],"wp:attachment":[{"href":"https:\/\/www.lesmaconsdelacreuse.fr\/annuaires\/wp-json\/wp\/v2\/media?parent=6403"}],"wp:term":[{"taxonomy":"category","embeddable":true,"href":"https:\/\/www.lesmaconsdelacreuse.fr\/annuaires\/wp-json\/wp\/v2\/categories?post=6403"},{"taxonomy":"post_tag","embeddable":true,"href":"https:\/\/www.lesmaconsdelacreuse.fr\/annuaires\/wp-json\/wp\/v2\/tags?post=6403"}],"curies":[{"name":"wp","href":"https:\/\/api.w.org\/{rel}","templated":true}]}}