{"id":6409,"date":"2019-07-28T13:41:20","date_gmt":"2019-07-28T11:41:20","guid":{"rendered":"http:\/\/lesmaconsdelacreuse.fr\/annuaire\/?p=6409"},"modified":"2020-01-20T11:27:14","modified_gmt":"2020-01-20T10:27:14","slug":"l_624","status":"publish","type":"post","link":"https:\/\/www.lesmaconsdelacreuse.fr\/annuaires\/lettre-l\/l_624\/","title":{"rendered":"LEBLANC Fran\u00e7ois (1717-apr\u00e8s 1748)"},"content":{"rendered":"<p class=\"last-updated\"><strong>Mis \u00e0 jour le :<\/strong> 27\/04\/2026<\/p><h2 style=\"text-align: center;\"><strong>Fran\u00e7ois LEBLANC<\/strong><\/h2>\n<p style=\"text-align: center;\"><strong>1717 \u2013 apr\u00e8s 1748<\/strong><\/p>\n<p style=\"text-align: center;\"><img decoding=\"async\" title=\"\" src=\"https:\/\/lesmaconsdelacreuse.fr\/annuaire\/wp-content\/uploads\/2019\/07\/image1-1559.jpg\" alt=\"\" data-source-id=\"i.0\" data-asset-id=\"6407\" \/><\/p>\n<h4 style=\"text-align: center;\"><span style=\"color: #008000;\"><strong>ma\u00e7on<\/strong><\/span><\/h4>\n<p style=\"text-align: center;\">n\u00e9 \u00e0 Augerolles (Saint-Pardoux-Lavaud)<\/p>\n<p style=\"text-align: center;\">le 26 juin 1717<\/p>\n<p style=\"text-align: center;\">fils de<\/p>\n<p style=\"text-align: center;\">Pierre LEBLANC,<span style=\"color: #008000;\"><strong> ma\u00e7on <\/strong><\/span><strong>\/ <\/strong>Fran\u00e7oise COUTURIER<\/p>\n<p style=\"text-align: center;\">laboureurs<\/p>\n<p style=\"text-align: center;\"><span style=\"color: #ffffff;\">\u25d9<\/span><\/p>\n<p><em>Fran\u00e7ois \u00e9pouse Marie <\/em><strong>MAURICE <\/strong><em>le 23 f\u00e9vrier <\/em><strong>1740<\/strong><em> \u00e0 Faux-Mazuras\u00a0 (contrat Champeaux \u00e0 Soubrebost).<\/em><\/p>\n<p><em>Marie d\u00e9c\u00e8de le 14 avril <\/em><strong>1746<\/strong><em> \u00e0 Faux-Mazuras, \u00e2g\u00e9e de 21 ans environ. <\/em><\/p>\n<p><em>Fran\u00e7ois se remarie le 4 f\u00e9vrier <\/em><strong>1748<\/strong> <em>\u00e0 Saint-Priest-Palus avec Suzanne <\/em><strong>ROUSSEAU<\/strong><em>. <\/em><\/p>\n","protected":false},"excerpt":{"rendered":"<p>Mis \u00e0 jour le : 27\/04\/2026Fran\u00e7ois LEBLANC 1717 \u2013 apr\u00e8s 1748 ma\u00e7on n\u00e9 \u00e0 Augerolles (Saint-Pardoux-Lavaud) le 26 juin 1717 fils de Pierre LEBLANC, ma\u00e7on \/ Fran\u00e7oise COUTURIER laboureurs \u25d9 Fran\u00e7ois \u00e9pouse Marie MAURICE le 23 f\u00e9vrier 1740 \u00e0 Faux-Mazuras\u00a0 (contrat Champeaux \u00e0 Soubrebost). Marie d\u00e9c\u00e8de le 14 avril 1746 \u00e0 Faux-Mazuras, \u00e2g\u00e9e de 21 ..<\/p>\n<div class=\"clear-fix\"><\/div>\n<p><a href=\"https:\/\/www.lesmaconsdelacreuse.fr\/annuaires\/lettre-l\/l_624\/\" title=\"Lire la suite...\">Lire la suite<\/a><\/p>\n","protected":false},"author":6,"featured_media":0,"comment_status":"closed","ping_status":"closed","sticky":false,"template":"","format":"standard","meta":{"_acf_changed":false,"_exactmetrics_skip_tracking":false,"_exactmetrics_sitenote_active":false,"_exactmetrics_sitenote_note":"","_exactmetrics_sitenote_category":0,"footnotes":""},"categories":[19],"tags":[],"class_list":["post-6409","post","type-post","status-publish","format-standard","hentry","category-lettre-l"],"acf":[],"_links":{"self":[{"href":"https:\/\/www.lesmaconsdelacreuse.fr\/annuaires\/wp-json\/wp\/v2\/posts\/6409","targetHints":{"allow":["GET"]}}],"collection":[{"href":"https:\/\/www.lesmaconsdelacreuse.fr\/annuaires\/wp-json\/wp\/v2\/posts"}],"about":[{"href":"https:\/\/www.lesmaconsdelacreuse.fr\/annuaires\/wp-json\/wp\/v2\/types\/post"}],"author":[{"embeddable":true,"href":"https:\/\/www.lesmaconsdelacreuse.fr\/annuaires\/wp-json\/wp\/v2\/users\/6"}],"replies":[{"embeddable":true,"href":"https:\/\/www.lesmaconsdelacreuse.fr\/annuaires\/wp-json\/wp\/v2\/comments?post=6409"}],"version-history":[{"count":0,"href":"https:\/\/www.lesmaconsdelacreuse.fr\/annuaires\/wp-json\/wp\/v2\/posts\/6409\/revisions"}],"wp:attachment":[{"href":"https:\/\/www.lesmaconsdelacreuse.fr\/annuaires\/wp-json\/wp\/v2\/media?parent=6409"}],"wp:term":[{"taxonomy":"category","embeddable":true,"href":"https:\/\/www.lesmaconsdelacreuse.fr\/annuaires\/wp-json\/wp\/v2\/categories?post=6409"},{"taxonomy":"post_tag","embeddable":true,"href":"https:\/\/www.lesmaconsdelacreuse.fr\/annuaires\/wp-json\/wp\/v2\/tags?post=6409"}],"curies":[{"name":"wp","href":"https:\/\/api.w.org\/{rel}","templated":true}]}}