{"id":6417,"date":"2019-07-28T13:41:19","date_gmt":"2019-07-28T11:41:19","guid":{"rendered":"http:\/\/lesmaconsdelacreuse.fr\/annuaire\/?p=6417"},"modified":"2020-01-20T11:27:15","modified_gmt":"2020-01-20T10:27:15","slug":"l_616","status":"publish","type":"post","link":"https:\/\/www.lesmaconsdelacreuse.fr\/annuaires\/lettre-l\/l_616\/","title":{"rendered":"LEBLANC \u00c9tienne (vers 1735-entre 1763 et 1778)"},"content":{"rendered":"<p class=\"last-updated\"><strong>Mis \u00e0 jour le :<\/strong> 27\/04\/2026<\/p><h2 style=\"text-align: center;\"><strong>\u00c9tienne LEBLANC<\/strong><\/h2>\n<p style=\"text-align: center;\"><strong>vers 1735 \u2013 entre 1763 et 1778<\/strong><\/p>\n<p style=\"text-align: center;\"><img decoding=\"async\" title=\"\" src=\"https:\/\/lesmaconsdelacreuse.fr\/annuaire\/wp-content\/uploads\/2019\/07\/image1-1563.jpg\" alt=\"\" data-source-id=\"i.0\" data-asset-id=\"6416\" \/><\/p>\n<h4 style=\"text-align: center;\"><span style=\"color: #008000;\"><strong>ma\u00e7on <\/strong>et<strong> laboureur<\/strong><\/span><\/h4>\n<p style=\"text-align: center;\">n\u00e9 \u00e0 La Borderie (Le Compeix)\u00a0?<\/p>\n<p style=\"text-align: center;\">vers 1735<\/p>\n<p style=\"text-align: center;\">fils de<\/p>\n<p style=\"text-align: center;\">\u00c9tienne LEBLANC, <span style=\"color: #008000;\"><strong>ma\u00e7on <\/strong><\/span>et marchand<\/p>\n<p style=\"text-align: center;\">Th\u00e9r\u00e8se PARADOUX<\/p>\n<p style=\"text-align: center;\">laboureurs<\/p>\n<p style=\"text-align: center;\"><span style=\"color: #ffffff;\">\u25d9<\/span><\/p>\n<p><em>\u00c9tienne \u00e9pouse Marguerite <\/em><strong>LEPETIT <\/strong><em>le 4 f\u00e9vrier <\/em><strong>1755<\/strong> <em>au Compeix (contrat Coutisson \u00e0 Roy\u00e8re). Ils habitent La Borderie.<\/em><\/p>\n<p><em>\u00c9tienne teste le 24 f\u00e9vrier <\/em><strong>1759<\/strong><em> devant Me Coutisson de Roy\u00e8re.<\/em><\/p>\n<p><em> Marguerite d\u00e9c\u00e8de veuve \u00e0 La Borderie le 18 f\u00e9vrier <\/em><strong>1793<\/strong><em>, \u00e2g\u00e9e de 55 ans environ.<\/em><\/p>\n","protected":false},"excerpt":{"rendered":"<p>Mis \u00e0 jour le : 27\/04\/2026\u00c9tienne LEBLANC vers 1735 \u2013 entre 1763 et 1778 ma\u00e7on et laboureur n\u00e9 \u00e0 La Borderie (Le Compeix)\u00a0? vers 1735 fils de \u00c9tienne LEBLANC, ma\u00e7on et marchand Th\u00e9r\u00e8se PARADOUX laboureurs \u25d9 \u00c9tienne \u00e9pouse Marguerite LEPETIT le 4 f\u00e9vrier 1755 au Compeix (contrat Coutisson \u00e0 Roy\u00e8re). Ils habitent La Borderie. \u00c9tienne ..<\/p>\n<div class=\"clear-fix\"><\/div>\n<p><a href=\"https:\/\/www.lesmaconsdelacreuse.fr\/annuaires\/lettre-l\/l_616\/\" title=\"Lire la suite...\">Lire la suite<\/a><\/p>\n","protected":false},"author":6,"featured_media":0,"comment_status":"closed","ping_status":"closed","sticky":false,"template":"","format":"standard","meta":{"_acf_changed":false,"_exactmetrics_skip_tracking":false,"_exactmetrics_sitenote_active":false,"_exactmetrics_sitenote_note":"","_exactmetrics_sitenote_category":0,"footnotes":""},"categories":[19],"tags":[],"class_list":["post-6417","post","type-post","status-publish","format-standard","hentry","category-lettre-l"],"acf":[],"_links":{"self":[{"href":"https:\/\/www.lesmaconsdelacreuse.fr\/annuaires\/wp-json\/wp\/v2\/posts\/6417","targetHints":{"allow":["GET"]}}],"collection":[{"href":"https:\/\/www.lesmaconsdelacreuse.fr\/annuaires\/wp-json\/wp\/v2\/posts"}],"about":[{"href":"https:\/\/www.lesmaconsdelacreuse.fr\/annuaires\/wp-json\/wp\/v2\/types\/post"}],"author":[{"embeddable":true,"href":"https:\/\/www.lesmaconsdelacreuse.fr\/annuaires\/wp-json\/wp\/v2\/users\/6"}],"replies":[{"embeddable":true,"href":"https:\/\/www.lesmaconsdelacreuse.fr\/annuaires\/wp-json\/wp\/v2\/comments?post=6417"}],"version-history":[{"count":0,"href":"https:\/\/www.lesmaconsdelacreuse.fr\/annuaires\/wp-json\/wp\/v2\/posts\/6417\/revisions"}],"wp:attachment":[{"href":"https:\/\/www.lesmaconsdelacreuse.fr\/annuaires\/wp-json\/wp\/v2\/media?parent=6417"}],"wp:term":[{"taxonomy":"category","embeddable":true,"href":"https:\/\/www.lesmaconsdelacreuse.fr\/annuaires\/wp-json\/wp\/v2\/categories?post=6417"},{"taxonomy":"post_tag","embeddable":true,"href":"https:\/\/www.lesmaconsdelacreuse.fr\/annuaires\/wp-json\/wp\/v2\/tags?post=6417"}],"curies":[{"name":"wp","href":"https:\/\/api.w.org\/{rel}","templated":true}]}}