{"id":6419,"date":"2019-07-28T13:41:19","date_gmt":"2019-07-28T11:41:19","guid":{"rendered":"http:\/\/lesmaconsdelacreuse.fr\/annuaire\/?p=6419"},"modified":"2022-04-09T17:30:25","modified_gmt":"2022-04-09T15:30:25","slug":"l_628","status":"publish","type":"post","link":"https:\/\/www.lesmaconsdelacreuse.fr\/annuaires\/lettre-l\/l_628\/","title":{"rendered":"LEBLANC Fran\u00e7ois (1769-1844)"},"content":{"rendered":"<p class=\"last-updated\"><strong>Mis \u00e0 jour le :<\/strong> 27\/04\/2026<\/p><h2 style=\"text-align: center;\"><strong>Fran\u00e7ois LEBLANC<\/strong><\/h2>\n<p style=\"text-align: center;\"><strong>1769 \u2013 1844<\/strong><\/p>\n<p style=\"text-align: center;\"><img decoding=\"async\" title=\"\" src=\"https:\/\/lesmaconsdelacreuse.fr\/annuaire\/wp-content\/uploads\/2019\/07\/image1-1564.jpg\" alt=\"\" data-source-id=\"i.0\" data-asset-id=\"6418\" \/><\/p>\n<h4 style=\"text-align: center;\"><span style=\"color: #008000;\"><strong>ma\u00e7on<\/strong><\/span><\/h4>\n<p style=\"text-align: center;\">n\u00e9 \u00e0 Beauvais (Saint-Pierre-le-Bost)<\/p>\n<p style=\"text-align: center;\">le 6 mars 1769<\/p>\n<p style=\"text-align: center;\">fils de<\/p>\n<p style=\"text-align: center;\">Philippe LEBLANC, <span style=\"color: #008000;\"><strong>ma\u00e7on <\/strong><\/span><strong>\/ <\/strong>Marie BEAUVAIS<\/p>\n<p style=\"text-align: center;\">laboureurs<\/p>\n<p style=\"text-align: center;\"><span style=\"color: #ffffff;\">\u25d9<\/span><\/p>\n<p><em>Fran\u00e7ois \u00e9pouse Marie <\/em><strong>PARADE<\/strong><em> le 26 pluvi\u00f4se an IX (15 f\u00e9vrier <\/em><strong>1801<\/strong><em>) au Compeix (contrat Coutisson \u00e0 Roy\u00e8re).<\/em><\/p>\n<p><em>Marie d\u00e9c\u00e8de \u00e0 Peyramaure, m\u00eame commune, le 19 frimaire de la m\u00eame ann\u00e9e (10 d\u00e9cembre <\/em>1801<em>), \u00e2g\u00e9e de 19 ans environ.<\/em><\/p>\n<p><strong>L\u2019an XII<\/strong><em>, depuis <\/em><span style=\"color: #0000ff;\"><strong>Brignais (69)<\/strong><\/span><em> o\u00f9 il travaille, il essaie de toucher ce qui lui revient apr\u00e8s le d\u00e9c\u00e8s de son p\u00e8re Philippe, d\u00e9tenu par son fr\u00e8re Jean. <\/em><\/p>\n<p><em>Il se remarie le 7 juillet <\/em><strong>1830<\/strong><em> \u00e0 Brignais avec Pierrette <\/em><strong>RAIMOND<\/strong><em>.<\/em><\/p>\n<p><em>Il y d\u00e9c\u00e8de le 21 janvier <\/em><strong>1844<\/strong><em><strong>,<\/strong> \u00e2g\u00e9 de 74 ans.<\/em><\/p>\n","protected":false},"excerpt":{"rendered":"<p>Mis \u00e0 jour le : 27\/04\/2026Fran\u00e7ois LEBLANC 1769 \u2013 1844 ma\u00e7on n\u00e9 \u00e0 Beauvais (Saint-Pierre-le-Bost) le 6 mars 1769 fils de Philippe LEBLANC, ma\u00e7on \/ Marie BEAUVAIS laboureurs \u25d9 Fran\u00e7ois \u00e9pouse Marie PARADE le 26 pluvi\u00f4se an IX (15 f\u00e9vrier 1801) au Compeix (contrat Coutisson \u00e0 Roy\u00e8re). Marie d\u00e9c\u00e8de \u00e0 Peyramaure, m\u00eame commune, le 19 ..<\/p>\n<div class=\"clear-fix\"><\/div>\n<p><a href=\"https:\/\/www.lesmaconsdelacreuse.fr\/annuaires\/lettre-l\/l_628\/\" title=\"Lire la suite...\">Lire la suite<\/a><\/p>\n","protected":false},"author":6,"featured_media":0,"comment_status":"closed","ping_status":"closed","sticky":false,"template":"","format":"standard","meta":{"_acf_changed":false,"_exactmetrics_skip_tracking":false,"_exactmetrics_sitenote_active":false,"_exactmetrics_sitenote_note":"","_exactmetrics_sitenote_category":0,"footnotes":""},"categories":[19],"tags":[],"class_list":["post-6419","post","type-post","status-publish","format-standard","hentry","category-lettre-l"],"acf":[],"_links":{"self":[{"href":"https:\/\/www.lesmaconsdelacreuse.fr\/annuaires\/wp-json\/wp\/v2\/posts\/6419","targetHints":{"allow":["GET"]}}],"collection":[{"href":"https:\/\/www.lesmaconsdelacreuse.fr\/annuaires\/wp-json\/wp\/v2\/posts"}],"about":[{"href":"https:\/\/www.lesmaconsdelacreuse.fr\/annuaires\/wp-json\/wp\/v2\/types\/post"}],"author":[{"embeddable":true,"href":"https:\/\/www.lesmaconsdelacreuse.fr\/annuaires\/wp-json\/wp\/v2\/users\/6"}],"replies":[{"embeddable":true,"href":"https:\/\/www.lesmaconsdelacreuse.fr\/annuaires\/wp-json\/wp\/v2\/comments?post=6419"}],"version-history":[{"count":2,"href":"https:\/\/www.lesmaconsdelacreuse.fr\/annuaires\/wp-json\/wp\/v2\/posts\/6419\/revisions"}],"predecessor-version":[{"id":197331,"href":"https:\/\/www.lesmaconsdelacreuse.fr\/annuaires\/wp-json\/wp\/v2\/posts\/6419\/revisions\/197331"}],"wp:attachment":[{"href":"https:\/\/www.lesmaconsdelacreuse.fr\/annuaires\/wp-json\/wp\/v2\/media?parent=6419"}],"wp:term":[{"taxonomy":"category","embeddable":true,"href":"https:\/\/www.lesmaconsdelacreuse.fr\/annuaires\/wp-json\/wp\/v2\/categories?post=6419"},{"taxonomy":"post_tag","embeddable":true,"href":"https:\/\/www.lesmaconsdelacreuse.fr\/annuaires\/wp-json\/wp\/v2\/tags?post=6419"}],"curies":[{"name":"wp","href":"https:\/\/api.w.org\/{rel}","templated":true}]}}