{"id":6422,"date":"2019-07-28T13:41:19","date_gmt":"2019-07-28T11:41:19","guid":{"rendered":"http:\/\/lesmaconsdelacreuse.fr\/annuaire\/?p=6422"},"modified":"2020-01-20T11:27:15","modified_gmt":"2020-01-20T10:27:15","slug":"l_637","status":"publish","type":"post","link":"https:\/\/www.lesmaconsdelacreuse.fr\/annuaires\/lettre-l\/l_637\/","title":{"rendered":"LEBLANC Gabriel (1737-1765)"},"content":{"rendered":"<p class=\"last-updated\"><strong>Mis \u00e0 jour le :<\/strong> 27\/04\/2026<\/p><h2 style=\"text-align: center;\"><strong>Gabriel LEBLANC<\/strong><\/h2>\n<p style=\"text-align: center;\"><strong>1737 \u20131765<\/strong><\/p>\n<p style=\"text-align: center;\"><img decoding=\"async\" title=\"\" src=\"https:\/\/lesmaconsdelacreuse.fr\/annuaire\/wp-content\/uploads\/2019\/07\/image1-1565.jpg\" alt=\"\" data-source-id=\"i.0\" data-asset-id=\"6421\" \/><\/p>\n<h4 style=\"text-align: center;\"><span style=\"color: #008000;\"><strong>ma\u00e7on <\/strong>et<strong> laboureur<\/strong><\/span><\/h4>\n<p style=\"text-align: center;\">n\u00e9 \u00e0 La Borderie (Le Compeix)<\/p>\n<p style=\"text-align: center;\">baptis\u00e9 le 15 novembre 1737<\/p>\n<p style=\"text-align: center;\">fils de<\/p>\n<p style=\"text-align: center;\">\u00c9tienne LEBLANC, <span style=\"color: #008000;\"><strong>ma\u00e7on <\/strong><\/span>et marchand \/ Th\u00e9r\u00e8se PARADOU<\/p>\n<p style=\"text-align: center;\">laboureurs<\/p>\n<p style=\"text-align: center;\"><span style=\"color: #ffffff;\">\u25d9<\/span><\/p>\n<p><em>Gabriel \u00e9pouse Marie <\/em><strong>SAVY<\/strong><em> le 6 f\u00e9vrier <\/em><strong>1758<\/strong> <em>\u00e0 Saint-Pardoux-Lavaud (contrat Coutisson \u00e0 Roy\u00e8re). <\/em><\/p>\n<p><em>Ils habitent Lavaud, paroisse de Saint-Pardoux.<\/em><\/p>\n<p><em>Gabriel y d\u00e9c\u00e8de\u00a0 le 22 novembre <\/em><strong>1765<\/strong><em> apr\u00e8s avoir test\u00e9<\/em><em> devant Me Tramonteil de Peyrat-le-Ch\u00e2teau (87). <\/em><\/p>\n<p><em>Sa veuve \u00e9pouse Jacques GERMOUTY, puis L\u00e9onard COURTY, ma\u00e7on.<\/em><\/p>\n","protected":false},"excerpt":{"rendered":"<p>Mis \u00e0 jour le : 27\/04\/2026Gabriel LEBLANC 1737 \u20131765 ma\u00e7on et laboureur n\u00e9 \u00e0 La Borderie (Le Compeix) baptis\u00e9 le 15 novembre 1737 fils de \u00c9tienne LEBLANC, ma\u00e7on et marchand \/ Th\u00e9r\u00e8se PARADOU laboureurs \u25d9 Gabriel \u00e9pouse Marie SAVY le 6 f\u00e9vrier 1758 \u00e0 Saint-Pardoux-Lavaud (contrat Coutisson \u00e0 Roy\u00e8re). Ils habitent Lavaud, paroisse de Saint-Pardoux. ..<\/p>\n<div class=\"clear-fix\"><\/div>\n<p><a href=\"https:\/\/www.lesmaconsdelacreuse.fr\/annuaires\/lettre-l\/l_637\/\" title=\"Lire la suite...\">Lire la suite<\/a><\/p>\n","protected":false},"author":6,"featured_media":0,"comment_status":"closed","ping_status":"closed","sticky":false,"template":"","format":"standard","meta":{"_acf_changed":false,"_exactmetrics_skip_tracking":false,"_exactmetrics_sitenote_active":false,"_exactmetrics_sitenote_note":"","_exactmetrics_sitenote_category":0,"footnotes":""},"categories":[19],"tags":[],"class_list":["post-6422","post","type-post","status-publish","format-standard","hentry","category-lettre-l"],"acf":[],"_links":{"self":[{"href":"https:\/\/www.lesmaconsdelacreuse.fr\/annuaires\/wp-json\/wp\/v2\/posts\/6422","targetHints":{"allow":["GET"]}}],"collection":[{"href":"https:\/\/www.lesmaconsdelacreuse.fr\/annuaires\/wp-json\/wp\/v2\/posts"}],"about":[{"href":"https:\/\/www.lesmaconsdelacreuse.fr\/annuaires\/wp-json\/wp\/v2\/types\/post"}],"author":[{"embeddable":true,"href":"https:\/\/www.lesmaconsdelacreuse.fr\/annuaires\/wp-json\/wp\/v2\/users\/6"}],"replies":[{"embeddable":true,"href":"https:\/\/www.lesmaconsdelacreuse.fr\/annuaires\/wp-json\/wp\/v2\/comments?post=6422"}],"version-history":[{"count":0,"href":"https:\/\/www.lesmaconsdelacreuse.fr\/annuaires\/wp-json\/wp\/v2\/posts\/6422\/revisions"}],"wp:attachment":[{"href":"https:\/\/www.lesmaconsdelacreuse.fr\/annuaires\/wp-json\/wp\/v2\/media?parent=6422"}],"wp:term":[{"taxonomy":"category","embeddable":true,"href":"https:\/\/www.lesmaconsdelacreuse.fr\/annuaires\/wp-json\/wp\/v2\/categories?post=6422"},{"taxonomy":"post_tag","embeddable":true,"href":"https:\/\/www.lesmaconsdelacreuse.fr\/annuaires\/wp-json\/wp\/v2\/tags?post=6422"}],"curies":[{"name":"wp","href":"https:\/\/api.w.org\/{rel}","templated":true}]}}