{"id":6424,"date":"2019-07-28T13:41:19","date_gmt":"2019-07-28T11:41:19","guid":{"rendered":"http:\/\/lesmaconsdelacreuse.fr\/annuaire\/?p=6424"},"modified":"2020-01-20T11:27:15","modified_gmt":"2020-01-20T10:27:15","slug":"l_670","status":"publish","type":"post","link":"https:\/\/www.lesmaconsdelacreuse.fr\/annuaires\/lettre-l\/l_670\/","title":{"rendered":"LEBLANC Jean (1875-1955)"},"content":{"rendered":"<p class=\"last-updated\"><strong>Mis \u00e0 jour le :<\/strong> 27\/04\/2026<\/p><h2 style=\"text-align: center;\"><strong>Jean LEBLANC<\/strong><\/h2>\n<p style=\"text-align: center;\"><strong>1875 \u2013 1955<\/strong><\/p>\n<p style=\"text-align: center;\"><img decoding=\"async\" title=\"\" src=\"https:\/\/lesmaconsdelacreuse.fr\/annuaire\/wp-content\/uploads\/2019\/07\/image1-1566.jpg\" alt=\"\" data-source-id=\"i.0\" data-asset-id=\"6423\" \/><\/p>\n<h4 style=\"text-align: center;\"><span style=\"color: #008000;\"><strong>ma\u00e7on<\/strong><\/span><\/h4>\n<p style=\"text-align: center;\">n\u00e9 au Chassagnoux (Saint-Martin-Ch\u00e2teau)<\/p>\n<p style=\"text-align: center;\">le 31 juillet 1875<\/p>\n<p style=\"text-align: center;\">fils de<\/p>\n<p style=\"text-align: center;\">Jean LEBLANC,<span style=\"color: #008000;\"><strong> ma\u00e7on<\/strong><\/span><\/p>\n<p style=\"text-align: center;\">Marie BOUTY, cultivatrice<\/p>\n<p style=\"text-align: center;\"><span style=\"color: #ffffff;\">\u25d9<\/span><\/p>\n<p><strong>En 1896<\/strong><em>, Jean travaille dans le <\/em><span style=\"color: #0000ff;\"><strong>Rh\u00f4ne <\/strong><\/span><em>et y passe le conseil de r\u00e9vision. Il est ajourn\u00e9 pour d\u00e9faut de taille.<\/em><\/p>\n<p><strong>En 1899<\/strong><em>, il travaille \u00e0 <\/em><span style=\"color: #0000ff;\"><strong>Vourles (69)<\/strong><\/span><em><span style=\"color: #0000ff;\">\u00a0<\/span>;<\/em><\/p>\n<p><strong>en 1905<\/strong><em>, \u00e0 <\/em><span style=\"color: #0000ff;\"><strong>Lyon (69)<\/strong><\/span><em>, et loge 85, rue de Bonnel\u00a0;<\/em><\/p>\n<p><strong>en 1914<\/strong><em>, \u00e0 <\/em><span style=\"color: #0000ff;\"><strong>Orli\u00e9nas (69)<\/strong><\/span><em>.<\/em><\/p>\n<p><em> Il \u00e9pouse Marie <\/em><strong>VIALATOUX<\/strong><em>, veuve d\u2019Eug\u00e8ne LAVERGNE, le 18 octobre <\/em><strong>1917<\/strong><em> \u00e0 Saint-Martin (mari\u00e9s sans contrat).<\/em><\/p>\n<p><em> Il d\u00e9c\u00e8de \u00e0 Peyrat-le-Ch\u00e2teau (87) le 22 novembre <\/em><strong>1955<\/strong><em>, \u00e2g\u00e9 de 80 ans.<\/em><\/p>\n","protected":false},"excerpt":{"rendered":"<p>Mis \u00e0 jour le : 27\/04\/2026Jean LEBLANC 1875 \u2013 1955 ma\u00e7on n\u00e9 au Chassagnoux (Saint-Martin-Ch\u00e2teau) le 31 juillet 1875 fils de Jean LEBLANC, ma\u00e7on Marie BOUTY, cultivatrice \u25d9 En 1896, Jean travaille dans le Rh\u00f4ne et y passe le conseil de r\u00e9vision. Il est ajourn\u00e9 pour d\u00e9faut de taille. En 1899, il travaille \u00e0 Vourles ..<\/p>\n<div class=\"clear-fix\"><\/div>\n<p><a href=\"https:\/\/www.lesmaconsdelacreuse.fr\/annuaires\/lettre-l\/l_670\/\" title=\"Lire la suite...\">Lire la suite<\/a><\/p>\n","protected":false},"author":6,"featured_media":0,"comment_status":"closed","ping_status":"closed","sticky":false,"template":"","format":"standard","meta":{"_acf_changed":false,"_exactmetrics_skip_tracking":false,"_exactmetrics_sitenote_active":false,"_exactmetrics_sitenote_note":"","_exactmetrics_sitenote_category":0,"footnotes":""},"categories":[19],"tags":[],"class_list":["post-6424","post","type-post","status-publish","format-standard","hentry","category-lettre-l"],"acf":[],"_links":{"self":[{"href":"https:\/\/www.lesmaconsdelacreuse.fr\/annuaires\/wp-json\/wp\/v2\/posts\/6424","targetHints":{"allow":["GET"]}}],"collection":[{"href":"https:\/\/www.lesmaconsdelacreuse.fr\/annuaires\/wp-json\/wp\/v2\/posts"}],"about":[{"href":"https:\/\/www.lesmaconsdelacreuse.fr\/annuaires\/wp-json\/wp\/v2\/types\/post"}],"author":[{"embeddable":true,"href":"https:\/\/www.lesmaconsdelacreuse.fr\/annuaires\/wp-json\/wp\/v2\/users\/6"}],"replies":[{"embeddable":true,"href":"https:\/\/www.lesmaconsdelacreuse.fr\/annuaires\/wp-json\/wp\/v2\/comments?post=6424"}],"version-history":[{"count":0,"href":"https:\/\/www.lesmaconsdelacreuse.fr\/annuaires\/wp-json\/wp\/v2\/posts\/6424\/revisions"}],"wp:attachment":[{"href":"https:\/\/www.lesmaconsdelacreuse.fr\/annuaires\/wp-json\/wp\/v2\/media?parent=6424"}],"wp:term":[{"taxonomy":"category","embeddable":true,"href":"https:\/\/www.lesmaconsdelacreuse.fr\/annuaires\/wp-json\/wp\/v2\/categories?post=6424"},{"taxonomy":"post_tag","embeddable":true,"href":"https:\/\/www.lesmaconsdelacreuse.fr\/annuaires\/wp-json\/wp\/v2\/tags?post=6424"}],"curies":[{"name":"wp","href":"https:\/\/api.w.org\/{rel}","templated":true}]}}