{"id":6428,"date":"2019-07-28T13:41:18","date_gmt":"2019-07-28T11:41:18","guid":{"rendered":"http:\/\/lesmaconsdelacreuse.fr\/annuaire\/?p=6428"},"modified":"2020-10-11T14:51:01","modified_gmt":"2020-10-11T12:51:01","slug":"l_638","status":"publish","type":"post","link":"https:\/\/www.lesmaconsdelacreuse.fr\/annuaires\/lettre-l\/l_638\/","title":{"rendered":"LEBLANC Gabriel (1793-1849)"},"content":{"rendered":"<p class=\"last-updated\"><strong>Mis \u00e0 jour le :<\/strong> 27\/04\/2026<\/p><h2 style=\"text-align: center;\"><strong>Gabriel LEBLANC<\/strong><\/h2>\n<p style=\"text-align: center;\"><strong>1793 \u2013 1849<\/strong><\/p>\n<p style=\"text-align: center;\"><img decoding=\"async\" title=\"\" src=\"https:\/\/lesmaconsdelacreuse.fr\/annuaire\/wp-content\/uploads\/2019\/07\/image1-1568.jpg\" alt=\"\" data-source-id=\"i.0\" data-asset-id=\"6427\" \/><\/p>\n<h4 style=\"text-align: center;\"><span style=\"color: #008000;\"><strong>ma\u00e7on<\/strong> et <strong>cultivateur<\/strong><\/span><\/h4>\n<p>&nbsp;<\/p>\n<p style=\"text-align: center;\">n\u00e9 \u00e0 Larfouill\u00e8re (Le Monteil-au-Vicomte)<\/p>\n<p style=\"text-align: center;\">8 d\u00e9cembre 1793<\/p>\n<p style=\"text-align: center;\">fils de<\/p>\n<p style=\"text-align: center;\">Annet LEBLANC \/ Jeanne BONNET<\/p>\n<p style=\"text-align: center;\">laboureurs et \u25ba<a href=\"https:\/\/www.lesmaconsdelacreuse.fr\/annuaires\/wp-content\/uploads\/2020\/08\/FERMIER-M\u00c9TAYER.png\" target=\"_blank\" rel=\"noopener noreferrer\"><span style=\"color: #000000;\">m\u00e9tayers<\/span><\/a><\/p>\n<p style=\"text-align: center;\"><span style=\"color: #ffffff;\">\u25d9<\/span><\/p>\n<p><em>Gabriel \u00e9pouse Marie <\/em><strong>BERTRAND <\/strong><em>le 30 mars <\/em><strong>1814<\/strong><em> \u00e0 Ch\u00e2tain.<\/em><\/p>\n<p><em>Marie d\u00e9c\u00e8de \u00e0 Larfouill\u00e8re le 20 mai <\/em><strong>1834<\/strong><em>, \u00e2g\u00e9e de 41 ans. <\/em><\/p>\n<p><em>Gabriel se remarie le 7 septembre de la m\u00eame ann\u00e9e au Monteil avec Th\u00e9r\u00e8se <\/em><strong>LENOIR<\/strong><em>.<\/em><\/p>\n<p><em> Ils habitent aussi Larfouill\u00e8re, o\u00f9 Gabriel d\u00e9c\u00e8de le 2 f\u00e9vrier <\/em><strong>1849<\/strong><em>, \u00e2g\u00e9 de 55 ans.<\/em><\/p>\n<p>&nbsp;<\/p>\n","protected":false},"excerpt":{"rendered":"<p>Mis \u00e0 jour le : 27\/04\/2026Gabriel LEBLANC 1793 \u2013 1849 ma\u00e7on et cultivateur &nbsp; n\u00e9 \u00e0 Larfouill\u00e8re (Le Monteil-au-Vicomte) 8 d\u00e9cembre 1793 fils de Annet LEBLANC \/ Jeanne BONNET laboureurs et \u25bam\u00e9tayers \u25d9 Gabriel \u00e9pouse Marie BERTRAND le 30 mars 1814 \u00e0 Ch\u00e2tain. Marie d\u00e9c\u00e8de \u00e0 Larfouill\u00e8re le 20 mai 1834, \u00e2g\u00e9e de 41 ans. ..<\/p>\n<div class=\"clear-fix\"><\/div>\n<p><a href=\"https:\/\/www.lesmaconsdelacreuse.fr\/annuaires\/lettre-l\/l_638\/\" title=\"Lire la suite...\">Lire la suite<\/a><\/p>\n","protected":false},"author":6,"featured_media":0,"comment_status":"closed","ping_status":"closed","sticky":false,"template":"","format":"standard","meta":{"_acf_changed":false,"_exactmetrics_skip_tracking":false,"_exactmetrics_sitenote_active":false,"_exactmetrics_sitenote_note":"","_exactmetrics_sitenote_category":0,"footnotes":""},"categories":[19],"tags":[],"class_list":["post-6428","post","type-post","status-publish","format-standard","hentry","category-lettre-l"],"acf":[],"_links":{"self":[{"href":"https:\/\/www.lesmaconsdelacreuse.fr\/annuaires\/wp-json\/wp\/v2\/posts\/6428","targetHints":{"allow":["GET"]}}],"collection":[{"href":"https:\/\/www.lesmaconsdelacreuse.fr\/annuaires\/wp-json\/wp\/v2\/posts"}],"about":[{"href":"https:\/\/www.lesmaconsdelacreuse.fr\/annuaires\/wp-json\/wp\/v2\/types\/post"}],"author":[{"embeddable":true,"href":"https:\/\/www.lesmaconsdelacreuse.fr\/annuaires\/wp-json\/wp\/v2\/users\/6"}],"replies":[{"embeddable":true,"href":"https:\/\/www.lesmaconsdelacreuse.fr\/annuaires\/wp-json\/wp\/v2\/comments?post=6428"}],"version-history":[{"count":0,"href":"https:\/\/www.lesmaconsdelacreuse.fr\/annuaires\/wp-json\/wp\/v2\/posts\/6428\/revisions"}],"wp:attachment":[{"href":"https:\/\/www.lesmaconsdelacreuse.fr\/annuaires\/wp-json\/wp\/v2\/media?parent=6428"}],"wp:term":[{"taxonomy":"category","embeddable":true,"href":"https:\/\/www.lesmaconsdelacreuse.fr\/annuaires\/wp-json\/wp\/v2\/categories?post=6428"},{"taxonomy":"post_tag","embeddable":true,"href":"https:\/\/www.lesmaconsdelacreuse.fr\/annuaires\/wp-json\/wp\/v2\/tags?post=6428"}],"curies":[{"name":"wp","href":"https:\/\/api.w.org\/{rel}","templated":true}]}}