{"id":6433,"date":"2019-07-28T13:41:18","date_gmt":"2019-07-28T11:41:18","guid":{"rendered":"http:\/\/lesmaconsdelacreuse.fr\/annuaire\/?p=6433"},"modified":"2020-01-20T11:27:16","modified_gmt":"2020-01-20T10:27:16","slug":"l_634","status":"publish","type":"post","link":"https:\/\/www.lesmaconsdelacreuse.fr\/annuaires\/lettre-l\/l_634\/","title":{"rendered":"LEBLANC Fran\u00e7ois Auguste (1893-1950)"},"content":{"rendered":"<p class=\"last-updated\"><strong>Mis \u00e0 jour le :<\/strong> 27\/04\/2026<\/p><h2 style=\"text-align: center;\"><strong>Fran\u00e7ois Auguste LEBLANC<\/strong><\/h2>\n<p style=\"text-align: center;\"><strong>Fran\u00e7ois LEBLANC<\/strong><\/p>\n<p style=\"text-align: center;\"><strong>1893 \u2013 1950<\/strong><\/p>\n<p style=\"text-align: center;\"><img loading=\"lazy\" decoding=\"async\" class=\"\" title=\"\" src=\"https:\/\/lesmaconsdelacreuse.fr\/annuaire\/wp-content\/uploads\/2019\/07\/image1-1570.jpg\" alt=\"\" width=\"289\" height=\"79\" data-source-id=\"i.0\" data-asset-id=\"6431\" \/><\/p>\n<h4 style=\"text-align: center;\"><span style=\"color: #008000;\"><strong>ma\u00e7on<\/strong><\/span><\/h4>\n<p style=\"text-align: center;\">n\u00e9 au Chassagnoux (Saint-Martin-Ch\u00e2teau)<\/p>\n<p style=\"text-align: center;\">le 28 ao\u00fbt 1893<\/p>\n<p style=\"text-align: center;\">fils de<\/p>\n<p style=\"text-align: center;\">Jean LEBLANC, <span style=\"color: #008000;\"><strong>ma\u00e7on<\/strong><\/span><\/p>\n<p style=\"text-align: center;\">Marie BOUTY, cultivatrice<\/p>\n<p style=\"text-align: center;\"><span style=\"color: #ffffff;\">\u25d9<\/span><\/p>\n<p><strong>En 1914<\/strong><em>, Fran\u00e7ois travaille dans la <\/em><span style=\"color: #0000ff;\"><strong>Seine (75)<\/strong><\/span><em> et y passe le conseil de r\u00e9vision.<\/em><\/p>\n<p><strong>En 1919<\/strong><em>, il habite <\/em><span style=\"color: #0000ff;\"><strong>Lyon (69)<\/strong><\/span><em> 175, rue Cr\u00e9qui.<\/em><\/p>\n<p><em> Il \u00e9pouse Catherine Jos\u00e9phine <\/em><strong>PERRONCEL<\/strong><em>, employ\u00e9e,\u00a0 le 16 janvier de la m\u00eame ann\u00e9e \u00e0 Lyon 3e (mari\u00e9s sans contrat).<\/em><\/p>\n<p><strong>En 1921<\/strong><em>, ils habitent 175, rue de Cr\u00e9qui\u00a0;<\/em><\/p>\n<p><strong>de 1924 \u00e0 1930<\/strong><em>, \u00e0 <\/em><span style=\"color: #0000ff;\"><strong>Caluire (69)<\/strong><\/span><em>, 135, rue Saint-Clair.<\/em><\/p>\n<p><em>Fran\u00e7ois d\u00e9c\u00e8de \u00e0 <\/em><span style=\"color: #0000ff;\"><strong>Bron (69) <\/strong><\/span><em>le 4 octobre <\/em><strong>1950<\/strong><em>, \u00e2g\u00e9 de 57 ans.<\/em><\/p>\n","protected":false},"excerpt":{"rendered":"<p>Mis \u00e0 jour le : 27\/04\/2026Fran\u00e7ois Auguste LEBLANC Fran\u00e7ois LEBLANC 1893 \u2013 1950 ma\u00e7on n\u00e9 au Chassagnoux (Saint-Martin-Ch\u00e2teau) le 28 ao\u00fbt 1893 fils de Jean LEBLANC, ma\u00e7on Marie BOUTY, cultivatrice \u25d9 En 1914, Fran\u00e7ois travaille dans la Seine (75) et y passe le conseil de r\u00e9vision. En 1919, il habite Lyon (69) 175, rue Cr\u00e9qui. ..<\/p>\n<div class=\"clear-fix\"><\/div>\n<p><a href=\"https:\/\/www.lesmaconsdelacreuse.fr\/annuaires\/lettre-l\/l_634\/\" title=\"Lire la suite...\">Lire la suite<\/a><\/p>\n","protected":false},"author":6,"featured_media":0,"comment_status":"closed","ping_status":"closed","sticky":false,"template":"","format":"standard","meta":{"_acf_changed":false,"_exactmetrics_skip_tracking":false,"_exactmetrics_sitenote_active":false,"_exactmetrics_sitenote_note":"","_exactmetrics_sitenote_category":0,"footnotes":""},"categories":[19],"tags":[],"class_list":["post-6433","post","type-post","status-publish","format-standard","hentry","category-lettre-l"],"acf":[],"_links":{"self":[{"href":"https:\/\/www.lesmaconsdelacreuse.fr\/annuaires\/wp-json\/wp\/v2\/posts\/6433","targetHints":{"allow":["GET"]}}],"collection":[{"href":"https:\/\/www.lesmaconsdelacreuse.fr\/annuaires\/wp-json\/wp\/v2\/posts"}],"about":[{"href":"https:\/\/www.lesmaconsdelacreuse.fr\/annuaires\/wp-json\/wp\/v2\/types\/post"}],"author":[{"embeddable":true,"href":"https:\/\/www.lesmaconsdelacreuse.fr\/annuaires\/wp-json\/wp\/v2\/users\/6"}],"replies":[{"embeddable":true,"href":"https:\/\/www.lesmaconsdelacreuse.fr\/annuaires\/wp-json\/wp\/v2\/comments?post=6433"}],"version-history":[{"count":0,"href":"https:\/\/www.lesmaconsdelacreuse.fr\/annuaires\/wp-json\/wp\/v2\/posts\/6433\/revisions"}],"wp:attachment":[{"href":"https:\/\/www.lesmaconsdelacreuse.fr\/annuaires\/wp-json\/wp\/v2\/media?parent=6433"}],"wp:term":[{"taxonomy":"category","embeddable":true,"href":"https:\/\/www.lesmaconsdelacreuse.fr\/annuaires\/wp-json\/wp\/v2\/categories?post=6433"},{"taxonomy":"post_tag","embeddable":true,"href":"https:\/\/www.lesmaconsdelacreuse.fr\/annuaires\/wp-json\/wp\/v2\/tags?post=6433"}],"curies":[{"name":"wp","href":"https:\/\/api.w.org\/{rel}","templated":true}]}}