{"id":6438,"date":"2019-07-28T13:41:18","date_gmt":"2019-07-28T11:41:18","guid":{"rendered":"http:\/\/lesmaconsdelacreuse.fr\/annuaire\/?p=6438"},"modified":"2020-01-20T11:27:15","modified_gmt":"2020-01-20T10:27:15","slug":"l_617","status":"publish","type":"post","link":"https:\/\/www.lesmaconsdelacreuse.fr\/annuaires\/lettre-l\/l_617\/","title":{"rendered":"LEBLANC \u00c9tienne (1752-1828)"},"content":{"rendered":"<p class=\"last-updated\"><strong>Mis \u00e0 jour le :<\/strong> 27\/04\/2026<\/p><h2 style=\"text-align: center;\"><strong>\u00c9tienne LEBLANC<\/strong><\/h2>\n<p style=\"text-align: center;\"><strong>1752 \u2013 1828<\/strong><\/p>\n<p style=\"text-align: center;\"><img decoding=\"async\" title=\"\" src=\"https:\/\/lesmaconsdelacreuse.fr\/annuaire\/wp-content\/uploads\/2019\/07\/image1-1572.jpg\" alt=\"\" data-source-id=\"i.0\" data-asset-id=\"6437\" \/><\/p>\n<h4 style=\"text-align: center;\"><span style=\"color: #008000;\"><strong>ma\u00e7on <\/strong>et<strong> laboureur<\/strong><\/span><\/h4>\n<p style=\"text-align: center;\">n\u00e9 au Massoubrot (Saint-Martin-Ch\u00e2teau)<\/p>\n<p style=\"text-align: center;\">le 19 novembre 1752<\/p>\n<p style=\"text-align: center;\">fils de<\/p>\n<p style=\"text-align: center;\">Martial LEBLANC \/ Marie BLANCHON<\/p>\n<p style=\"text-align: center;\">laboureurs<\/p>\n<p style=\"text-align: center;\"><span style=\"color: #ffffff;\">\u25d9<\/span><\/p>\n<p><em>\u00c9tienne \u00e9pouse Th\u00e9r\u00e8se <\/em><strong>GIRAUDON<\/strong><em> le 3 f\u00e9vrier <\/em><strong>1773<\/strong><em> \u00e0 Saint-Martin-Ch\u00e2teau. <\/em><\/p>\n<p><em>Ils habitent Le Chassagnoux.<\/em><\/p>\n<p><em> Ils y d\u00e9c\u00e8dent\u00a0:<\/em><\/p>\n<ul>\n<li><em>Th\u00e9r\u00e8se, le 29 octobre <\/em><strong>1821<\/strong><em>, \u00e2g\u00e9e de 67 ans<\/em><\/li>\n<li><em>\u00c9tienne, le 28 novembre <\/em><strong>1828<\/strong>,<em> \u00e2g\u00e9 de 76 ans<\/em><\/li>\n<\/ul>\n","protected":false},"excerpt":{"rendered":"<p>Mis \u00e0 jour le : 27\/04\/2026\u00c9tienne LEBLANC 1752 \u2013 1828 ma\u00e7on et laboureur n\u00e9 au Massoubrot (Saint-Martin-Ch\u00e2teau) le 19 novembre 1752 fils de Martial LEBLANC \/ Marie BLANCHON laboureurs \u25d9 \u00c9tienne \u00e9pouse Th\u00e9r\u00e8se GIRAUDON le 3 f\u00e9vrier 1773 \u00e0 Saint-Martin-Ch\u00e2teau. Ils habitent Le Chassagnoux. Ils y d\u00e9c\u00e8dent\u00a0: Th\u00e9r\u00e8se, le 29 octobre 1821, \u00e2g\u00e9e de 67 ..<\/p>\n<div class=\"clear-fix\"><\/div>\n<p><a href=\"https:\/\/www.lesmaconsdelacreuse.fr\/annuaires\/lettre-l\/l_617\/\" title=\"Lire la suite...\">Lire la suite<\/a><\/p>\n","protected":false},"author":6,"featured_media":0,"comment_status":"closed","ping_status":"closed","sticky":false,"template":"","format":"standard","meta":{"_acf_changed":false,"_exactmetrics_skip_tracking":false,"_exactmetrics_sitenote_active":false,"_exactmetrics_sitenote_note":"","_exactmetrics_sitenote_category":0,"footnotes":""},"categories":[19],"tags":[],"class_list":["post-6438","post","type-post","status-publish","format-standard","hentry","category-lettre-l"],"acf":[],"_links":{"self":[{"href":"https:\/\/www.lesmaconsdelacreuse.fr\/annuaires\/wp-json\/wp\/v2\/posts\/6438","targetHints":{"allow":["GET"]}}],"collection":[{"href":"https:\/\/www.lesmaconsdelacreuse.fr\/annuaires\/wp-json\/wp\/v2\/posts"}],"about":[{"href":"https:\/\/www.lesmaconsdelacreuse.fr\/annuaires\/wp-json\/wp\/v2\/types\/post"}],"author":[{"embeddable":true,"href":"https:\/\/www.lesmaconsdelacreuse.fr\/annuaires\/wp-json\/wp\/v2\/users\/6"}],"replies":[{"embeddable":true,"href":"https:\/\/www.lesmaconsdelacreuse.fr\/annuaires\/wp-json\/wp\/v2\/comments?post=6438"}],"version-history":[{"count":0,"href":"https:\/\/www.lesmaconsdelacreuse.fr\/annuaires\/wp-json\/wp\/v2\/posts\/6438\/revisions"}],"wp:attachment":[{"href":"https:\/\/www.lesmaconsdelacreuse.fr\/annuaires\/wp-json\/wp\/v2\/media?parent=6438"}],"wp:term":[{"taxonomy":"category","embeddable":true,"href":"https:\/\/www.lesmaconsdelacreuse.fr\/annuaires\/wp-json\/wp\/v2\/categories?post=6438"},{"taxonomy":"post_tag","embeddable":true,"href":"https:\/\/www.lesmaconsdelacreuse.fr\/annuaires\/wp-json\/wp\/v2\/tags?post=6438"}],"curies":[{"name":"wp","href":"https:\/\/api.w.org\/{rel}","templated":true}]}}