{"id":6440,"date":"2019-07-28T13:41:18","date_gmt":"2019-07-28T11:41:18","guid":{"rendered":"http:\/\/lesmaconsdelacreuse.fr\/annuaire\/?p=6440"},"modified":"2020-10-04T15:52:42","modified_gmt":"2020-10-04T13:52:42","slug":"l_631","status":"publish","type":"post","link":"https:\/\/www.lesmaconsdelacreuse.fr\/annuaires\/lettre-l\/l_631\/","title":{"rendered":"LEBLANC Fran\u00e7ois (1795-1859)"},"content":{"rendered":"<p class=\"last-updated\"><strong>Mis \u00e0 jour le :<\/strong> 27\/04\/2026<\/p><h2 style=\"text-align: center;\"><strong>Fran\u00e7ois LEBLANC<\/strong><\/h2>\n<p style=\"text-align: center;\"><strong>1795 \u2013 1859<\/strong><\/p>\n<p style=\"text-align: center;\"><img decoding=\"async\" title=\"\" src=\"https:\/\/lesmaconsdelacreuse.fr\/annuaire\/wp-content\/uploads\/2019\/07\/image1-1573.jpg\" alt=\"\" data-source-id=\"i.0\" data-asset-id=\"6439\" \/><\/p>\n<h4 style=\"text-align: center;\"><span style=\"color: #008000;\"><strong>entrepreneur de <a style=\"color: #008000;\" href=\"https:\/\/www.lesmaconsdelacreuse.fr\/annuaires\/\/wp-content\/uploads\/LEXIQUE\/TRAVAUX_PUBLICS.pdf\" target=\"_blank\" rel=\"noopener noreferrer\">\u25ba<span style=\"color: #008000;\"><a style=\"color: #008000;\" href=\"https:\/\/www.lesmaconsdelacreuse.fr\/annuaires\/wp-content\/uploads\/2020\/08\/TRAVAUX-PUBLICS-1.png\">travaux publics<\/a><\/span><\/a><\/strong>; <strong>aubergiste <\/strong>et<strong> propri\u00e9taire cultivateur<\/strong><\/span><\/h4>\n<p>&nbsp;<\/p>\n<p style=\"text-align: center;\">n\u00e9 \u00e0 Rieublanc (Morterolles)<\/p>\n<p style=\"text-align: center;\">le 29 vend\u00e9miaire an IV (21 octobre 1795)<\/p>\n<p style=\"text-align: center;\">fils de<\/p>\n<p style=\"text-align: center;\">L\u00e9onard LEBLANC, <span style=\"color: #008000;\"><strong>ma\u00e7on<\/strong><\/span><\/p>\n<p style=\"text-align: center;\">L\u00e9onarde JANISSON, cultivatrice<\/p>\n<p style=\"text-align: center;\"><span style=\"color: #ffffff;\">\u25d9<\/span><\/p>\n<p><em>Fran\u00e7ois, <\/em><span style=\"color: #008000;\"><strong>ma\u00e7on<\/strong><\/span><em>, \u00e9pouse Jeanne <\/em><strong>BERTRAND<\/strong><em> le 6 mai <\/em><strong>1816<\/strong> <em>\u00e0 Saint-Junien-la-Breg\u00e8re.<\/em><\/p>\n<p><em>Ils habitent Lestrade o\u00f9 d\u00e9c\u00e8de Jeanne le 8 avril <\/em><strong>1831<\/strong>,<em> \u00e2g\u00e9e de 31 ans. <\/em><\/p>\n<p><em>Fran\u00e7ois, <\/em><span style=\"color: #008000;\"><strong>aubergiste<\/strong><\/span><em>, se remarie le 5 f\u00e9vrier <\/em><strong>1839<\/strong><em> \u00e0 Saint-Junien avec Anne Catherine <\/em><strong>COLAS <\/strong><em>(contrat Berger \u00e0 Bourganeuf). Ils habitent le bourg de Saint-Junien.<\/em><\/p>\n<p><em>Ils y d\u00e9c\u00e8dent\u00a0:<\/em><\/p>\n<ul>\n<li><em>Catherine, le 24 mars <\/em><strong>1841<\/strong><em>, \u00e2g\u00e9e de 42 ans<\/em><\/li>\n<li><em>Fran\u00e7ois, le 30 novembre <\/em><strong>1859<\/strong><em>, \u00e2g\u00e9 de 64 ans, <\/em><span style=\"color: #008000;\"><strong>entrepreneur de travaux publics<\/strong><\/span><\/li>\n<\/ul>\n<p>&nbsp;<\/p>\n","protected":false},"excerpt":{"rendered":"<p>Mis \u00e0 jour le : 27\/04\/2026Fran\u00e7ois LEBLANC 1795 \u2013 1859 entrepreneur de \u25batravaux publics; aubergiste et propri\u00e9taire cultivateur &nbsp; n\u00e9 \u00e0 Rieublanc (Morterolles) le 29 vend\u00e9miaire an IV (21 octobre 1795) fils de L\u00e9onard LEBLANC, ma\u00e7on L\u00e9onarde JANISSON, cultivatrice \u25d9 Fran\u00e7ois, ma\u00e7on, \u00e9pouse Jeanne BERTRAND le 6 mai 1816 \u00e0 Saint-Junien-la-Breg\u00e8re. Ils habitent Lestrade o\u00f9 ..<\/p>\n<div class=\"clear-fix\"><\/div>\n<p><a href=\"https:\/\/www.lesmaconsdelacreuse.fr\/annuaires\/lettre-l\/l_631\/\" title=\"Lire la suite...\">Lire la suite<\/a><\/p>\n","protected":false},"author":6,"featured_media":0,"comment_status":"closed","ping_status":"closed","sticky":false,"template":"","format":"standard","meta":{"_acf_changed":false,"_exactmetrics_skip_tracking":false,"_exactmetrics_sitenote_active":false,"_exactmetrics_sitenote_note":"","_exactmetrics_sitenote_category":0,"footnotes":""},"categories":[19],"tags":[],"class_list":["post-6440","post","type-post","status-publish","format-standard","hentry","category-lettre-l"],"acf":[],"_links":{"self":[{"href":"https:\/\/www.lesmaconsdelacreuse.fr\/annuaires\/wp-json\/wp\/v2\/posts\/6440","targetHints":{"allow":["GET"]}}],"collection":[{"href":"https:\/\/www.lesmaconsdelacreuse.fr\/annuaires\/wp-json\/wp\/v2\/posts"}],"about":[{"href":"https:\/\/www.lesmaconsdelacreuse.fr\/annuaires\/wp-json\/wp\/v2\/types\/post"}],"author":[{"embeddable":true,"href":"https:\/\/www.lesmaconsdelacreuse.fr\/annuaires\/wp-json\/wp\/v2\/users\/6"}],"replies":[{"embeddable":true,"href":"https:\/\/www.lesmaconsdelacreuse.fr\/annuaires\/wp-json\/wp\/v2\/comments?post=6440"}],"version-history":[{"count":0,"href":"https:\/\/www.lesmaconsdelacreuse.fr\/annuaires\/wp-json\/wp\/v2\/posts\/6440\/revisions"}],"wp:attachment":[{"href":"https:\/\/www.lesmaconsdelacreuse.fr\/annuaires\/wp-json\/wp\/v2\/media?parent=6440"}],"wp:term":[{"taxonomy":"category","embeddable":true,"href":"https:\/\/www.lesmaconsdelacreuse.fr\/annuaires\/wp-json\/wp\/v2\/categories?post=6440"},{"taxonomy":"post_tag","embeddable":true,"href":"https:\/\/www.lesmaconsdelacreuse.fr\/annuaires\/wp-json\/wp\/v2\/tags?post=6440"}],"curies":[{"name":"wp","href":"https:\/\/api.w.org\/{rel}","templated":true}]}}