{"id":6442,"date":"2019-07-28T13:41:17","date_gmt":"2019-07-28T11:41:17","guid":{"rendered":"http:\/\/lesmaconsdelacreuse.fr\/annuaire\/?p=6442"},"modified":"2020-10-14T10:09:57","modified_gmt":"2020-10-14T08:09:57","slug":"l_586","status":"publish","type":"post","link":"https:\/\/www.lesmaconsdelacreuse.fr\/annuaires\/lettre-l\/l_586\/","title":{"rendered":"LAVEIX Christophe Joseph (1826-1904)"},"content":{"rendered":"<p class=\"last-updated\"><strong>Mis \u00e0 jour le :<\/strong> 27\/04\/2026<\/p><h2 style=\"text-align: center;\"><strong>Christophe Joseph LAVEIX<\/strong><\/h2>\n<p style=\"text-align: center;\"><strong>Christophe LAVEIX<\/strong><\/p>\n<p style=\"text-align: center;\"><strong>1826 \u2013 1904<\/strong><\/p>\n<p style=\"text-align: center;\"><img decoding=\"async\" title=\"\" src=\"https:\/\/lesmaconsdelacreuse.fr\/annuaire\/wp-content\/uploads\/2019\/07\/image1-1574.jpg\" alt=\"\" data-source-id=\"i.0\" data-asset-id=\"6441\" \/><\/p>\n<h4 style=\"text-align: center;\"><span style=\"color: #008000;\"><strong>\u25ba\u00a0<a href=\"https:\/\/www.lesmaconsdelacreuse.fr\/annuaires\/wp-content\/uploads\/2020\/07\/MA\u00ceTRE-MA\u00c7ON.png\" target=\"_blank\" rel=\"noopener noreferrer\"><span style=\"color: #008000;\">ma\u00eetre ma\u00e7on<\/span><\/a><\/strong><\/span><\/h4>\n<p>&nbsp;<\/p>\n<p style=\"text-align: center;\">n\u00e9 \u00e0 Pramy (Saint-Pierre-le-Bost)<\/p>\n<p style=\"text-align: center;\">le 16 juillet 1826<\/p>\n<p style=\"text-align: center;\">fils naturel de<\/p>\n<p style=\"text-align: center;\">Antoinette LAVEIX, journali\u00e8re<\/p>\n<p style=\"text-align: center;\"><span style=\"color: #ffffff;\">\u25d9<\/span><\/p>\n<p><strong>En 1846<\/strong><em>, Christophe, <\/em><span style=\"color: #008000;\"><strong>ma\u00e7on<\/strong><\/span><em>, travaille \u00e0 <\/em><span style=\"color: #0000ff;\"><strong>Lyon (69)<\/strong><\/span><em>.<\/em><\/p>\n<p><em> Il \u00e9pouse Madeleine <\/em><strong>MOREAU<\/strong><em> le 27 f\u00e9vrier <\/em><strong>1854<\/strong><em> \u00e0 Banize (contrat Martinaud \u00e0 Saint-Sulpice-les-Champs).<\/em><\/p>\n<p><strong>D\u00e8s 1856<\/strong><em>, le couple habite Lyon, 22, rue des Farges, 5e arrondissement. <\/em><\/p>\n<p><em>Madeleine d\u00e9c\u00e8de \u00e0 cette adresse, le 5 octobre <\/em><strong>1859<\/strong><em>, \u00e2g\u00e9e de 34 ans. <\/em><\/p>\n<p><em>Christophe se remarie le 21 avril <\/em><strong>1860<\/strong><em> au m\u00eame arrondissement avec Marguerite <\/em><strong>BARQUET<\/strong><em>, cultivatrice native de l\u2019Ain (contrat Vachez)\u00a0.<\/em><\/p>\n<p><strong>En 1867<\/strong><em><strong>,<\/strong> le couple habite 25, rue de Trion, au 5e arrondissement, et Christophe est <\/em><span style=\"color: #008000;\"><strong>ma\u00eetre-ma\u00e7on<\/strong><\/span><em>.<\/em><\/p>\n<p><em>Il d\u00e9c\u00e8de le 9 avril <\/em><strong>1904<\/strong><em> en son domicile, 14, chemin des Grenouilles, 5e arrondissement, \u00e2g\u00e9 de 77 ans.<\/em><\/p>\n<p>&nbsp;<\/p>\n","protected":false},"excerpt":{"rendered":"<p>Mis \u00e0 jour le : 27\/04\/2026Christophe Joseph LAVEIX Christophe LAVEIX 1826 \u2013 1904 \u25ba\u00a0ma\u00eetre ma\u00e7on &nbsp; n\u00e9 \u00e0 Pramy (Saint-Pierre-le-Bost) le 16 juillet 1826 fils naturel de Antoinette LAVEIX, journali\u00e8re \u25d9 En 1846, Christophe, ma\u00e7on, travaille \u00e0 Lyon (69). Il \u00e9pouse Madeleine MOREAU le 27 f\u00e9vrier 1854 \u00e0 Banize (contrat Martinaud \u00e0 Saint-Sulpice-les-Champs). D\u00e8s 1856, ..<\/p>\n<div class=\"clear-fix\"><\/div>\n<p><a href=\"https:\/\/www.lesmaconsdelacreuse.fr\/annuaires\/lettre-l\/l_586\/\" title=\"Lire la suite...\">Lire la suite<\/a><\/p>\n","protected":false},"author":6,"featured_media":0,"comment_status":"closed","ping_status":"closed","sticky":false,"template":"","format":"standard","meta":{"_acf_changed":false,"_exactmetrics_skip_tracking":false,"_exactmetrics_sitenote_active":false,"_exactmetrics_sitenote_note":"","_exactmetrics_sitenote_category":0,"footnotes":""},"categories":[19],"tags":[],"class_list":["post-6442","post","type-post","status-publish","format-standard","hentry","category-lettre-l"],"acf":[],"_links":{"self":[{"href":"https:\/\/www.lesmaconsdelacreuse.fr\/annuaires\/wp-json\/wp\/v2\/posts\/6442","targetHints":{"allow":["GET"]}}],"collection":[{"href":"https:\/\/www.lesmaconsdelacreuse.fr\/annuaires\/wp-json\/wp\/v2\/posts"}],"about":[{"href":"https:\/\/www.lesmaconsdelacreuse.fr\/annuaires\/wp-json\/wp\/v2\/types\/post"}],"author":[{"embeddable":true,"href":"https:\/\/www.lesmaconsdelacreuse.fr\/annuaires\/wp-json\/wp\/v2\/users\/6"}],"replies":[{"embeddable":true,"href":"https:\/\/www.lesmaconsdelacreuse.fr\/annuaires\/wp-json\/wp\/v2\/comments?post=6442"}],"version-history":[{"count":0,"href":"https:\/\/www.lesmaconsdelacreuse.fr\/annuaires\/wp-json\/wp\/v2\/posts\/6442\/revisions"}],"wp:attachment":[{"href":"https:\/\/www.lesmaconsdelacreuse.fr\/annuaires\/wp-json\/wp\/v2\/media?parent=6442"}],"wp:term":[{"taxonomy":"category","embeddable":true,"href":"https:\/\/www.lesmaconsdelacreuse.fr\/annuaires\/wp-json\/wp\/v2\/categories?post=6442"},{"taxonomy":"post_tag","embeddable":true,"href":"https:\/\/www.lesmaconsdelacreuse.fr\/annuaires\/wp-json\/wp\/v2\/tags?post=6442"}],"curies":[{"name":"wp","href":"https:\/\/api.w.org\/{rel}","templated":true}]}}