{"id":6448,"date":"2019-07-28T13:41:17","date_gmt":"2019-07-28T11:41:17","guid":{"rendered":"http:\/\/lesmaconsdelacreuse.fr\/annuaire\/?p=6448"},"modified":"2020-01-20T11:27:17","modified_gmt":"2020-01-20T10:27:17","slug":"l_651","status":"publish","type":"post","link":"https:\/\/www.lesmaconsdelacreuse.fr\/annuaires\/lettre-l\/l_651\/","title":{"rendered":"LEBLANC Jean (vers 1797-1820)"},"content":{"rendered":"<p class=\"last-updated\"><strong>Mis \u00e0 jour le :<\/strong> 27\/04\/2026<\/p><h2 style=\"text-align: center;\"><strong>Jean LEBLANC<\/strong><\/h2>\n<p style=\"text-align: center;\"><strong>vers 1797 &#8211; 1820<\/strong><\/p>\n<h4 style=\"text-align: center;\"><strong><span style=\"color: #008000;\">man\u0153uvre ma\u00e7on<\/span><\/strong><\/h4>\n<p style=\"text-align: center;\">n\u00e9 au Compeix\u00a0?<\/p>\n<p style=\"text-align: center;\">vers 1797<\/p>\n<p style=\"text-align: center;\">fils de<\/p>\n<p style=\"text-align: center;\">Fran\u00e7ois LEBLANC \/ Marguerite LENOIR<\/p>\n<p style=\"text-align: center;\"><span style=\"color: #ffffff;\">\u25d9<\/span><\/p>\n<p><em>Jean d\u00e9c\u00e8de \u00e0 l\u2019H\u00f4pital des Malades de Lyon le 26 juin <\/em><strong>1820<\/strong><em>, \u00e2g\u00e9 de 17 ans. Il habite <\/em><span style=\"color: #0000ff;\"><strong>Vaise (69)<\/strong><\/span><em>, chez la veuve Vialet. <\/em><\/p>\n<p><em>Le couple donn\u00e9 pour parents n\u2019est pas connu au Compeix\u00a0; <\/em><\/p>\n","protected":false},"excerpt":{"rendered":"<p>Mis \u00e0 jour le : 27\/04\/2026Jean LEBLANC vers 1797 &#8211; 1820 man\u0153uvre ma\u00e7on n\u00e9 au Compeix\u00a0? vers 1797 fils de Fran\u00e7ois LEBLANC \/ Marguerite LENOIR \u25d9 Jean d\u00e9c\u00e8de \u00e0 l\u2019H\u00f4pital des Malades de Lyon le 26 juin 1820, \u00e2g\u00e9 de 17 ans. Il habite Vaise (69), chez la veuve Vialet. Le couple donn\u00e9 pour parents ..<\/p>\n<div class=\"clear-fix\"><\/div>\n<p><a href=\"https:\/\/www.lesmaconsdelacreuse.fr\/annuaires\/lettre-l\/l_651\/\" title=\"Lire la suite...\">Lire la suite<\/a><\/p>\n","protected":false},"author":6,"featured_media":0,"comment_status":"closed","ping_status":"closed","sticky":false,"template":"","format":"standard","meta":{"_acf_changed":false,"_exactmetrics_skip_tracking":false,"_exactmetrics_sitenote_active":false,"_exactmetrics_sitenote_note":"","_exactmetrics_sitenote_category":0,"footnotes":""},"categories":[19],"tags":[],"class_list":["post-6448","post","type-post","status-publish","format-standard","hentry","category-lettre-l"],"acf":[],"_links":{"self":[{"href":"https:\/\/www.lesmaconsdelacreuse.fr\/annuaires\/wp-json\/wp\/v2\/posts\/6448","targetHints":{"allow":["GET"]}}],"collection":[{"href":"https:\/\/www.lesmaconsdelacreuse.fr\/annuaires\/wp-json\/wp\/v2\/posts"}],"about":[{"href":"https:\/\/www.lesmaconsdelacreuse.fr\/annuaires\/wp-json\/wp\/v2\/types\/post"}],"author":[{"embeddable":true,"href":"https:\/\/www.lesmaconsdelacreuse.fr\/annuaires\/wp-json\/wp\/v2\/users\/6"}],"replies":[{"embeddable":true,"href":"https:\/\/www.lesmaconsdelacreuse.fr\/annuaires\/wp-json\/wp\/v2\/comments?post=6448"}],"version-history":[{"count":0,"href":"https:\/\/www.lesmaconsdelacreuse.fr\/annuaires\/wp-json\/wp\/v2\/posts\/6448\/revisions"}],"wp:attachment":[{"href":"https:\/\/www.lesmaconsdelacreuse.fr\/annuaires\/wp-json\/wp\/v2\/media?parent=6448"}],"wp:term":[{"taxonomy":"category","embeddable":true,"href":"https:\/\/www.lesmaconsdelacreuse.fr\/annuaires\/wp-json\/wp\/v2\/categories?post=6448"},{"taxonomy":"post_tag","embeddable":true,"href":"https:\/\/www.lesmaconsdelacreuse.fr\/annuaires\/wp-json\/wp\/v2\/tags?post=6448"}],"curies":[{"name":"wp","href":"https:\/\/api.w.org\/{rel}","templated":true}]}}