{"id":6449,"date":"2019-07-28T13:41:17","date_gmt":"2019-07-28T11:41:17","guid":{"rendered":"http:\/\/lesmaconsdelacreuse.fr\/annuaire\/?p=6449"},"modified":"2020-10-14T10:10:30","modified_gmt":"2020-10-14T08:10:30","slug":"l_646","status":"publish","type":"post","link":"https:\/\/www.lesmaconsdelacreuse.fr\/annuaires\/lettre-l\/l_646\/","title":{"rendered":"LEBLANC Jean (vers 1710-entre 1746 et 1767)"},"content":{"rendered":"<p class=\"last-updated\"><strong>Mis \u00e0 jour le :<\/strong> 27\/04\/2026<\/p><h2 style=\"text-align: center;\"><strong>Jean LEBLANC<\/strong><\/h2>\n<p style=\"text-align: center;\"><strong>vers 1710 \u2013 entre 1746 et 1767<\/strong><\/p>\n<p style=\"text-align: center;\"><img decoding=\"async\" title=\"\" src=\"https:\/\/lesmaconsdelacreuse.fr\/annuaire\/wp-content\/uploads\/2019\/07\/image1-1577.jpg\" alt=\"\" data-source-id=\"i.0\" data-asset-id=\"6447\" \/><\/p>\n<h4 style=\"text-align: center;\"><span style=\"color: #008000;\"><strong>\u25ba\u00a0<a href=\"https:\/\/www.lesmaconsdelacreuse.fr\/annuaires\/wp-content\/uploads\/2020\/07\/MA\u00ceTRE-MA\u00c7ON.png\" target=\"_blank\" rel=\"noopener noreferrer\"><span style=\"color: #008000;\">ma\u00eetre ma\u00e7on<\/span><\/a> <\/strong>et<strong> laboureur<\/strong><\/span><\/h4>\n<p style=\"text-align: center;\">de La Parade (Le Compeix)<\/p>\n<p style=\"text-align: center;\"><span style=\"color: #ffffff;\">\u25d9<\/span><\/p>\n<p><strong>Avant 1731<\/strong><em>, Jean \u00e9pouse Marguerite <\/em><strong>JOUANICAUD<\/strong> .<em> Ils habitent La Parade. <\/em><\/p>\n<p><em>Jean teste le 14 f\u00e9vrier <\/em><strong>1746<\/strong><em> devant Me Delavergne du Monteil-au-Vicomte.<\/em><\/p>\n<p><em>Marguerite d\u00e9c\u00e8de veuve \u00e0 La Parade le 4 f\u00e9vrier <\/em><strong>1785<\/strong><em>, \u00e2g\u00e9e de 75 ans environ. <\/em><\/p>\n<p>&nbsp;<\/p>\n","protected":false},"excerpt":{"rendered":"<p>Mis \u00e0 jour le : 27\/04\/2026Jean LEBLANC vers 1710 \u2013 entre 1746 et 1767 \u25ba\u00a0ma\u00eetre ma\u00e7on et laboureur de La Parade (Le Compeix) \u25d9 Avant 1731, Jean \u00e9pouse Marguerite JOUANICAUD . Ils habitent La Parade. Jean teste le 14 f\u00e9vrier 1746 devant Me Delavergne du Monteil-au-Vicomte. Marguerite d\u00e9c\u00e8de veuve \u00e0 La Parade le 4 f\u00e9vrier ..<\/p>\n<div class=\"clear-fix\"><\/div>\n<p><a href=\"https:\/\/www.lesmaconsdelacreuse.fr\/annuaires\/lettre-l\/l_646\/\" title=\"Lire la suite...\">Lire la suite<\/a><\/p>\n","protected":false},"author":6,"featured_media":0,"comment_status":"closed","ping_status":"closed","sticky":false,"template":"","format":"standard","meta":{"_acf_changed":false,"_exactmetrics_skip_tracking":false,"_exactmetrics_sitenote_active":false,"_exactmetrics_sitenote_note":"","_exactmetrics_sitenote_category":0,"footnotes":""},"categories":[19],"tags":[],"class_list":["post-6449","post","type-post","status-publish","format-standard","hentry","category-lettre-l"],"acf":[],"_links":{"self":[{"href":"https:\/\/www.lesmaconsdelacreuse.fr\/annuaires\/wp-json\/wp\/v2\/posts\/6449","targetHints":{"allow":["GET"]}}],"collection":[{"href":"https:\/\/www.lesmaconsdelacreuse.fr\/annuaires\/wp-json\/wp\/v2\/posts"}],"about":[{"href":"https:\/\/www.lesmaconsdelacreuse.fr\/annuaires\/wp-json\/wp\/v2\/types\/post"}],"author":[{"embeddable":true,"href":"https:\/\/www.lesmaconsdelacreuse.fr\/annuaires\/wp-json\/wp\/v2\/users\/6"}],"replies":[{"embeddable":true,"href":"https:\/\/www.lesmaconsdelacreuse.fr\/annuaires\/wp-json\/wp\/v2\/comments?post=6449"}],"version-history":[{"count":0,"href":"https:\/\/www.lesmaconsdelacreuse.fr\/annuaires\/wp-json\/wp\/v2\/posts\/6449\/revisions"}],"wp:attachment":[{"href":"https:\/\/www.lesmaconsdelacreuse.fr\/annuaires\/wp-json\/wp\/v2\/media?parent=6449"}],"wp:term":[{"taxonomy":"category","embeddable":true,"href":"https:\/\/www.lesmaconsdelacreuse.fr\/annuaires\/wp-json\/wp\/v2\/categories?post=6449"},{"taxonomy":"post_tag","embeddable":true,"href":"https:\/\/www.lesmaconsdelacreuse.fr\/annuaires\/wp-json\/wp\/v2\/tags?post=6449"}],"curies":[{"name":"wp","href":"https:\/\/api.w.org\/{rel}","templated":true}]}}