{"id":6451,"date":"2019-07-28T13:41:17","date_gmt":"2019-07-28T11:41:17","guid":{"rendered":"http:\/\/lesmaconsdelacreuse.fr\/annuaire\/?p=6451"},"modified":"2020-01-20T11:27:16","modified_gmt":"2020-01-20T10:27:16","slug":"l_626","status":"publish","type":"post","link":"https:\/\/www.lesmaconsdelacreuse.fr\/annuaires\/lettre-l\/l_626\/","title":{"rendered":"LEBLANC Fran\u00e7ois (vers 1762-apr\u00e8s 1782)"},"content":{"rendered":"<p class=\"last-updated\"><strong>Mis \u00e0 jour le :<\/strong> 27\/04\/2026<\/p><h2 style=\"text-align: center;\"><strong>Fran\u00e7ois LEBLANC<\/strong><\/h2>\n<p style=\"text-align: center;\"><strong>vers 1762 \u2013 apr\u00e8s 1782<\/strong><\/p>\n<p style=\"text-align: center;\"><img decoding=\"async\" title=\"\" src=\"https:\/\/lesmaconsdelacreuse.fr\/annuaire\/wp-content\/uploads\/2019\/07\/image1-1578.jpg\" alt=\"\" data-source-id=\"i.0\" data-asset-id=\"6450\" \/><\/p>\n<h4 style=\"text-align: center;\"><span style=\"color: #008000;\"><strong>ma\u00e7on <\/strong>et<strong> cultivateur<\/strong><\/span><\/h4>\n<p style=\"text-align: center;\">n\u00e9 \u00e0 Brudieux (Saint-Martin-Ch\u00e2teau)\u00a0?<\/p>\n<p style=\"text-align: center;\">vers 1762<\/p>\n<p style=\"text-align: center;\">fils de<\/p>\n<p style=\"text-align: center;\">Martin LEBLANC \/ Antoinette LEPAYSAN<\/p>\n<p style=\"text-align: center;\">laboureurs<\/p>\n<p style=\"text-align: center;\"><span style=\"color: #ffffff;\">\u25d9<\/span><\/p>\n<p><em>Fran\u00e7ois \u00e9pouse Marguerite <\/em><strong>LEBRAUD<\/strong><em>, veuve de L\u00e9onard LEBESSOU, ma\u00e7on, le 4 f\u00e9vrier <\/em><strong>1777<\/strong> <em>\u00e0 Roy\u00e8re.<\/em><\/p>\n<p><em>Ils habitent Langladure, m\u00eame paroisse. <\/em><\/p>\n<p><em>Marguerite y d\u00e9c\u00e8de le 9 germinal an XI (30 mars <\/em><strong>1803<\/strong><em>), \u00e2g\u00e9e de 49 ans.<\/em><\/p>\n","protected":false},"excerpt":{"rendered":"<p>Mis \u00e0 jour le : 27\/04\/2026Fran\u00e7ois LEBLANC vers 1762 \u2013 apr\u00e8s 1782 ma\u00e7on et cultivateur n\u00e9 \u00e0 Brudieux (Saint-Martin-Ch\u00e2teau)\u00a0? vers 1762 fils de Martin LEBLANC \/ Antoinette LEPAYSAN laboureurs \u25d9 Fran\u00e7ois \u00e9pouse Marguerite LEBRAUD, veuve de L\u00e9onard LEBESSOU, ma\u00e7on, le 4 f\u00e9vrier 1777 \u00e0 Roy\u00e8re. Ils habitent Langladure, m\u00eame paroisse. Marguerite y d\u00e9c\u00e8de le 9 ..<\/p>\n<div class=\"clear-fix\"><\/div>\n<p><a href=\"https:\/\/www.lesmaconsdelacreuse.fr\/annuaires\/lettre-l\/l_626\/\" title=\"Lire la suite...\">Lire la suite<\/a><\/p>\n","protected":false},"author":6,"featured_media":0,"comment_status":"closed","ping_status":"closed","sticky":false,"template":"","format":"standard","meta":{"_acf_changed":false,"_exactmetrics_skip_tracking":false,"_exactmetrics_sitenote_active":false,"_exactmetrics_sitenote_note":"","_exactmetrics_sitenote_category":0,"footnotes":""},"categories":[19],"tags":[],"class_list":["post-6451","post","type-post","status-publish","format-standard","hentry","category-lettre-l"],"acf":[],"_links":{"self":[{"href":"https:\/\/www.lesmaconsdelacreuse.fr\/annuaires\/wp-json\/wp\/v2\/posts\/6451","targetHints":{"allow":["GET"]}}],"collection":[{"href":"https:\/\/www.lesmaconsdelacreuse.fr\/annuaires\/wp-json\/wp\/v2\/posts"}],"about":[{"href":"https:\/\/www.lesmaconsdelacreuse.fr\/annuaires\/wp-json\/wp\/v2\/types\/post"}],"author":[{"embeddable":true,"href":"https:\/\/www.lesmaconsdelacreuse.fr\/annuaires\/wp-json\/wp\/v2\/users\/6"}],"replies":[{"embeddable":true,"href":"https:\/\/www.lesmaconsdelacreuse.fr\/annuaires\/wp-json\/wp\/v2\/comments?post=6451"}],"version-history":[{"count":0,"href":"https:\/\/www.lesmaconsdelacreuse.fr\/annuaires\/wp-json\/wp\/v2\/posts\/6451\/revisions"}],"wp:attachment":[{"href":"https:\/\/www.lesmaconsdelacreuse.fr\/annuaires\/wp-json\/wp\/v2\/media?parent=6451"}],"wp:term":[{"taxonomy":"category","embeddable":true,"href":"https:\/\/www.lesmaconsdelacreuse.fr\/annuaires\/wp-json\/wp\/v2\/categories?post=6451"},{"taxonomy":"post_tag","embeddable":true,"href":"https:\/\/www.lesmaconsdelacreuse.fr\/annuaires\/wp-json\/wp\/v2\/tags?post=6451"}],"curies":[{"name":"wp","href":"https:\/\/api.w.org\/{rel}","templated":true}]}}