{"id":6456,"date":"2019-07-28T13:41:16","date_gmt":"2019-07-28T11:41:16","guid":{"rendered":"http:\/\/lesmaconsdelacreuse.fr\/annuaire\/?p=6456"},"modified":"2022-04-09T17:04:17","modified_gmt":"2022-04-09T15:04:17","slug":"l_622","status":"publish","type":"post","link":"https:\/\/www.lesmaconsdelacreuse.fr\/annuaires\/lettre-l\/l_622\/","title":{"rendered":"LEBLANC \u00c9tienne (1824-1878)"},"content":{"rendered":"<p class=\"last-updated\"><strong>Mis \u00e0 jour le :<\/strong> 27\/04\/2026<\/p><h2 style=\"text-align: center;\"><strong>\u00c9tienne LEBLANC<\/strong><\/h2>\n<p style=\"text-align: center;\"><strong>1824 \u2013 1878<\/strong><\/p>\n<p style=\"text-align: center;\"><img loading=\"lazy\" decoding=\"async\" class=\"\" title=\"\" src=\"https:\/\/lesmaconsdelacreuse.fr\/annuaire\/wp-content\/uploads\/2019\/07\/image1-1579.jpg\" alt=\"\" width=\"495\" height=\"118\" data-source-id=\"i.0\" data-asset-id=\"6453\" \/><\/p>\n<h4 style=\"text-align: center;\"><span style=\"color: #008000;\"><strong>ma\u00e7on <\/strong>et<strong> cultivateur<\/strong><\/span><\/h4>\n<p style=\"text-align: center;\">n\u00e9 \u00e0 La Borderie (Le Compeix)<\/p>\n<p style=\"text-align: center;\">le 30 avril 1824<\/p>\n<p style=\"text-align: center;\">fils de<\/p>\n<p style=\"text-align: center;\">Jean LEBLANC \/ Catherine MARTIN<\/p>\n<p style=\"text-align: center;\">propri\u00e9taires cultivateurs<\/p>\n<p style=\"text-align: center;\"><span style=\"color: #ffffff;\">\u25d9<\/span><\/p>\n<p><em>\u00c9tienne \u00e9pouse Fran\u00e7oise <\/em><strong>PEYRASBLANCHAS<\/strong><em> le 12 f\u00e9vrier <\/em><strong>1849<\/strong><em> \u00e0 Chavanat (contrat Lepetit-Lafor\u00eat au Monteil au Vicomte). <\/em><\/p>\n<p><em>Ils habitent La Cour, commune de Chavanat.<\/em><\/p>\n<p><strong>En 1878<\/strong><em>, veuf, Il habite <\/em><span style=\"color: #0000ff;\"><strong>Paris (75)<\/strong><\/span><em>, 32, rue du Temple, 4<sup>e<\/sup> arrondissement. Il d\u00e9c\u00e8de le 28 juin de la m\u00eame ann\u00e9e, \u00e2g\u00e9 de 54 ans.<\/em><\/p>\n","protected":false},"excerpt":{"rendered":"<p>Mis \u00e0 jour le : 27\/04\/2026\u00c9tienne LEBLANC 1824 \u2013 1878 ma\u00e7on et cultivateur n\u00e9 \u00e0 La Borderie (Le Compeix) le 30 avril 1824 fils de Jean LEBLANC \/ Catherine MARTIN propri\u00e9taires cultivateurs \u25d9 \u00c9tienne \u00e9pouse Fran\u00e7oise PEYRASBLANCHAS le 12 f\u00e9vrier 1849 \u00e0 Chavanat (contrat Lepetit-Lafor\u00eat au Monteil au Vicomte). Ils habitent La Cour, commune de ..<\/p>\n<div class=\"clear-fix\"><\/div>\n<p><a href=\"https:\/\/www.lesmaconsdelacreuse.fr\/annuaires\/lettre-l\/l_622\/\" title=\"Lire la suite...\">Lire la suite<\/a><\/p>\n","protected":false},"author":6,"featured_media":0,"comment_status":"closed","ping_status":"closed","sticky":false,"template":"","format":"standard","meta":{"_acf_changed":false,"_exactmetrics_skip_tracking":false,"_exactmetrics_sitenote_active":false,"_exactmetrics_sitenote_note":"","_exactmetrics_sitenote_category":0,"footnotes":""},"categories":[19],"tags":[],"class_list":["post-6456","post","type-post","status-publish","format-standard","hentry","category-lettre-l"],"acf":[],"_links":{"self":[{"href":"https:\/\/www.lesmaconsdelacreuse.fr\/annuaires\/wp-json\/wp\/v2\/posts\/6456","targetHints":{"allow":["GET"]}}],"collection":[{"href":"https:\/\/www.lesmaconsdelacreuse.fr\/annuaires\/wp-json\/wp\/v2\/posts"}],"about":[{"href":"https:\/\/www.lesmaconsdelacreuse.fr\/annuaires\/wp-json\/wp\/v2\/types\/post"}],"author":[{"embeddable":true,"href":"https:\/\/www.lesmaconsdelacreuse.fr\/annuaires\/wp-json\/wp\/v2\/users\/6"}],"replies":[{"embeddable":true,"href":"https:\/\/www.lesmaconsdelacreuse.fr\/annuaires\/wp-json\/wp\/v2\/comments?post=6456"}],"version-history":[{"count":2,"href":"https:\/\/www.lesmaconsdelacreuse.fr\/annuaires\/wp-json\/wp\/v2\/posts\/6456\/revisions"}],"predecessor-version":[{"id":197327,"href":"https:\/\/www.lesmaconsdelacreuse.fr\/annuaires\/wp-json\/wp\/v2\/posts\/6456\/revisions\/197327"}],"wp:attachment":[{"href":"https:\/\/www.lesmaconsdelacreuse.fr\/annuaires\/wp-json\/wp\/v2\/media?parent=6456"}],"wp:term":[{"taxonomy":"category","embeddable":true,"href":"https:\/\/www.lesmaconsdelacreuse.fr\/annuaires\/wp-json\/wp\/v2\/categories?post=6456"},{"taxonomy":"post_tag","embeddable":true,"href":"https:\/\/www.lesmaconsdelacreuse.fr\/annuaires\/wp-json\/wp\/v2\/tags?post=6456"}],"curies":[{"name":"wp","href":"https:\/\/api.w.org\/{rel}","templated":true}]}}