{"id":6464,"date":"2019-07-28T13:41:16","date_gmt":"2019-07-28T11:41:16","guid":{"rendered":"http:\/\/lesmaconsdelacreuse.fr\/annuaire\/?p=6464"},"modified":"2020-01-20T11:27:17","modified_gmt":"2020-01-20T10:27:17","slug":"l_612","status":"publish","type":"post","link":"https:\/\/www.lesmaconsdelacreuse.fr\/annuaires\/lettre-l\/l_612\/","title":{"rendered":"LEBLANC Blaise (1794-1859)"},"content":{"rendered":"<p class=\"last-updated\"><strong>Mis \u00e0 jour le :<\/strong> 27\/04\/2026<\/p><h2 style=\"text-align: center;\"><strong>Blaise LEBLANC<\/strong><\/h2>\n<p style=\"text-align: center;\"><strong>1794 \u2013 1859<\/strong><\/p>\n<p style=\"text-align: center;\"><img decoding=\"async\" title=\"\" src=\"https:\/\/lesmaconsdelacreuse.fr\/annuaire\/wp-content\/uploads\/2019\/07\/image1-1582.jpg\" alt=\"\" data-source-id=\"i.0\" data-asset-id=\"6461\" \/><\/p>\n<h4 style=\"text-align: center;\"><span style=\"color: #008000;\"><strong>ma\u00e7on <\/strong>et <strong>propri\u00e9taire cultivateur<\/strong><\/span><\/h4>\n<p style=\"text-align: center;\">n\u00e9 \u00e0 Lavaud (Saint-Pardoux-Lavaud)<\/p>\n<p style=\"text-align: center;\">le 15 septembre 1794<\/p>\n<p style=\"text-align: center;\">fils de<\/p>\n<p style=\"text-align: center;\">Fran\u00e7ois LEBLANC, <span style=\"color: #008000;\"><strong>ma\u00e7on <\/strong><\/span><strong>\/ <\/strong>Th\u00e9r\u00e8se PARADE<\/p>\n<p style=\"text-align: center;\">propri\u00e9taires cultivateurs<\/p>\n<p style=\"text-align: center;\"><span style=\"color: #ffffff;\">\u25d9<\/span><\/p>\n<p><em>Blaise \u00e9pouse Marie <\/em><strong>VASSIVI\u00c8RE <\/strong><em>le 7 f\u00e9vrier <\/em><strong>1820<\/strong><em> \u00e0 Saint-Junien-la-Breg\u00e8re (contrat Berger \u00e0 Bourganeuf). <\/em><\/p>\n<p><em>Ils habitent Lestrade, commune de Saint-Junien, o\u00f9 d\u00e9c\u00e8de Marie le 25 mai <\/em><strong>1835<\/strong><em>, \u00e2g\u00e9e de 32 ans. <\/em><\/p>\n<p><em>Blaise se remarie le 6 f\u00e9vrier <\/em><strong>1837<\/strong><em> \u00e0 Morterolles avec Catherine <\/em><strong>DIZIER <\/strong><em>(contrat Berger).<\/em><\/p>\n<p><em> Ils habitent aussi Lestrade o\u00f9 d\u00e9c\u00e8de Blaise, le 21 janvier <\/em><strong>1859<\/strong><em>, \u00e2g\u00e9 de 64 ans. <\/em><\/p>\n","protected":false},"excerpt":{"rendered":"<p>Mis \u00e0 jour le : 27\/04\/2026Blaise LEBLANC 1794 \u2013 1859 ma\u00e7on et propri\u00e9taire cultivateur n\u00e9 \u00e0 Lavaud (Saint-Pardoux-Lavaud) le 15 septembre 1794 fils de Fran\u00e7ois LEBLANC, ma\u00e7on \/ Th\u00e9r\u00e8se PARADE propri\u00e9taires cultivateurs \u25d9 Blaise \u00e9pouse Marie VASSIVI\u00c8RE le 7 f\u00e9vrier 1820 \u00e0 Saint-Junien-la-Breg\u00e8re (contrat Berger \u00e0 Bourganeuf). Ils habitent Lestrade, commune de Saint-Junien, o\u00f9 d\u00e9c\u00e8de ..<\/p>\n<div class=\"clear-fix\"><\/div>\n<p><a href=\"https:\/\/www.lesmaconsdelacreuse.fr\/annuaires\/lettre-l\/l_612\/\" title=\"Lire la suite...\">Lire la suite<\/a><\/p>\n","protected":false},"author":6,"featured_media":0,"comment_status":"closed","ping_status":"closed","sticky":false,"template":"","format":"standard","meta":{"_acf_changed":false,"_exactmetrics_skip_tracking":false,"_exactmetrics_sitenote_active":false,"_exactmetrics_sitenote_note":"","_exactmetrics_sitenote_category":0,"footnotes":""},"categories":[19],"tags":[],"class_list":["post-6464","post","type-post","status-publish","format-standard","hentry","category-lettre-l"],"acf":[],"_links":{"self":[{"href":"https:\/\/www.lesmaconsdelacreuse.fr\/annuaires\/wp-json\/wp\/v2\/posts\/6464","targetHints":{"allow":["GET"]}}],"collection":[{"href":"https:\/\/www.lesmaconsdelacreuse.fr\/annuaires\/wp-json\/wp\/v2\/posts"}],"about":[{"href":"https:\/\/www.lesmaconsdelacreuse.fr\/annuaires\/wp-json\/wp\/v2\/types\/post"}],"author":[{"embeddable":true,"href":"https:\/\/www.lesmaconsdelacreuse.fr\/annuaires\/wp-json\/wp\/v2\/users\/6"}],"replies":[{"embeddable":true,"href":"https:\/\/www.lesmaconsdelacreuse.fr\/annuaires\/wp-json\/wp\/v2\/comments?post=6464"}],"version-history":[{"count":0,"href":"https:\/\/www.lesmaconsdelacreuse.fr\/annuaires\/wp-json\/wp\/v2\/posts\/6464\/revisions"}],"wp:attachment":[{"href":"https:\/\/www.lesmaconsdelacreuse.fr\/annuaires\/wp-json\/wp\/v2\/media?parent=6464"}],"wp:term":[{"taxonomy":"category","embeddable":true,"href":"https:\/\/www.lesmaconsdelacreuse.fr\/annuaires\/wp-json\/wp\/v2\/categories?post=6464"},{"taxonomy":"post_tag","embeddable":true,"href":"https:\/\/www.lesmaconsdelacreuse.fr\/annuaires\/wp-json\/wp\/v2\/tags?post=6464"}],"curies":[{"name":"wp","href":"https:\/\/api.w.org\/{rel}","templated":true}]}}