{"id":6466,"date":"2019-07-28T13:41:16","date_gmt":"2019-07-28T11:41:16","guid":{"rendered":"http:\/\/lesmaconsdelacreuse.fr\/annuaire\/?p=6466"},"modified":"2020-01-20T11:27:17","modified_gmt":"2020-01-20T10:27:17","slug":"l_644","status":"publish","type":"post","link":"https:\/\/www.lesmaconsdelacreuse.fr\/annuaires\/lettre-l\/l_644\/","title":{"rendered":"LEBLANC Jean (d\u00e9c\u00e9d\u00e9 apr\u00e8s 1727)"},"content":{"rendered":"<p class=\"last-updated\"><strong>Mis \u00e0 jour le :<\/strong> 27\/04\/2026<\/p><h2 style=\"text-align: center;\"><strong>Jean LEBLANC<\/strong><\/h2>\n<p style=\"text-align: center;\"><strong>Jean BLANC<\/strong><\/p>\n<p style=\"text-align: center;\"><strong>d\u00e9c\u00e9d\u00e9 apr\u00e8s 1727<\/strong><\/p>\n<p style=\"text-align: center;\"><img decoding=\"async\" title=\"\" src=\"https:\/\/lesmaconsdelacreuse.fr\/annuaire\/wp-content\/uploads\/2019\/07\/image1-1584.jpg\" alt=\"\" data-source-id=\"i.0\" data-asset-id=\"6465\" \/><\/p>\n<h4 style=\"text-align: center;\"><span style=\"color: #008000;\">tr\u00e8s probablement<strong> ma\u00e7on<\/strong><\/span><\/h4>\n<p style=\"text-align: center;\">n\u00e9 \u00e0 La Borderie (Le Compeix)\u00a0?<\/p>\n<p style=\"text-align: center;\">fils de<\/p>\n<p style=\"text-align: center;\">\u00c9tienne LEBLANC \/ L\u00e9onarde TOUBLANC<\/p>\n<p style=\"text-align: center;\"><span style=\"color: #ffffff;\">\u25d9<\/span><\/p>\n<p><span style=\"color: #ff00ff;\"><strong>En 1727<\/strong><\/span><em>, L\u00e9onard travaille \u00e0 <\/em><strong><span style=\"color: #0000ff;\">Saint-Germain-au-Mont-d\u2019Or (69)<\/span>\u00a0<\/strong><em>;<\/em> <em>il est cit\u00e9 comme t\u00e9moin sur l\u2019acte de d\u00e9c\u00e8s de son fr\u00e8re L\u00e9onard.<\/em><\/p>\n","protected":false},"excerpt":{"rendered":"<p>Mis \u00e0 jour le : 27\/04\/2026Jean LEBLANC Jean BLANC d\u00e9c\u00e9d\u00e9 apr\u00e8s 1727 tr\u00e8s probablement ma\u00e7on n\u00e9 \u00e0 La Borderie (Le Compeix)\u00a0? fils de \u00c9tienne LEBLANC \/ L\u00e9onarde TOUBLANC \u25d9 En 1727, L\u00e9onard travaille \u00e0 Saint-Germain-au-Mont-d\u2019Or (69)\u00a0; il est cit\u00e9 comme t\u00e9moin sur l\u2019acte de d\u00e9c\u00e8s de son fr\u00e8re..<\/p>\n<div class=\"clear-fix\"><\/div>\n<p><a href=\"https:\/\/www.lesmaconsdelacreuse.fr\/annuaires\/lettre-l\/l_644\/\" title=\"Lire la suite...\">Lire la suite<\/a><\/p>\n","protected":false},"author":6,"featured_media":0,"comment_status":"closed","ping_status":"closed","sticky":false,"template":"","format":"standard","meta":{"_acf_changed":false,"_exactmetrics_skip_tracking":false,"_exactmetrics_sitenote_active":false,"_exactmetrics_sitenote_note":"","_exactmetrics_sitenote_category":0,"footnotes":""},"categories":[19],"tags":[],"class_list":["post-6466","post","type-post","status-publish","format-standard","hentry","category-lettre-l"],"acf":[],"_links":{"self":[{"href":"https:\/\/www.lesmaconsdelacreuse.fr\/annuaires\/wp-json\/wp\/v2\/posts\/6466","targetHints":{"allow":["GET"]}}],"collection":[{"href":"https:\/\/www.lesmaconsdelacreuse.fr\/annuaires\/wp-json\/wp\/v2\/posts"}],"about":[{"href":"https:\/\/www.lesmaconsdelacreuse.fr\/annuaires\/wp-json\/wp\/v2\/types\/post"}],"author":[{"embeddable":true,"href":"https:\/\/www.lesmaconsdelacreuse.fr\/annuaires\/wp-json\/wp\/v2\/users\/6"}],"replies":[{"embeddable":true,"href":"https:\/\/www.lesmaconsdelacreuse.fr\/annuaires\/wp-json\/wp\/v2\/comments?post=6466"}],"version-history":[{"count":0,"href":"https:\/\/www.lesmaconsdelacreuse.fr\/annuaires\/wp-json\/wp\/v2\/posts\/6466\/revisions"}],"wp:attachment":[{"href":"https:\/\/www.lesmaconsdelacreuse.fr\/annuaires\/wp-json\/wp\/v2\/media?parent=6466"}],"wp:term":[{"taxonomy":"category","embeddable":true,"href":"https:\/\/www.lesmaconsdelacreuse.fr\/annuaires\/wp-json\/wp\/v2\/categories?post=6466"},{"taxonomy":"post_tag","embeddable":true,"href":"https:\/\/www.lesmaconsdelacreuse.fr\/annuaires\/wp-json\/wp\/v2\/tags?post=6466"}],"curies":[{"name":"wp","href":"https:\/\/api.w.org\/{rel}","templated":true}]}}