{"id":6471,"date":"2019-07-28T13:41:15","date_gmt":"2019-07-28T11:41:15","guid":{"rendered":"http:\/\/lesmaconsdelacreuse.fr\/annuaire\/?p=6471"},"modified":"2020-01-20T11:27:19","modified_gmt":"2020-01-20T10:27:19","slug":"l_645","status":"publish","type":"post","link":"https:\/\/www.lesmaconsdelacreuse.fr\/annuaires\/lettre-l\/l_645\/","title":{"rendered":"LEBLANC Jean (1700-apr\u00e8s 1737)"},"content":{"rendered":"<p class=\"last-updated\"><strong>Mis \u00e0 jour le :<\/strong> 27\/04\/2026<\/p><h2 style=\"text-align: center;\"><strong>Jean LEBLANC<\/strong><\/h2>\n<p style=\"text-align: center;\"><strong>Jean BLANC<\/strong><\/p>\n<p style=\"text-align: center;\"><strong>1700 &#8211; apr\u00e8s 1737<\/strong><\/p>\n<p style=\"text-align: center;\"><img decoding=\"async\" title=\"\" src=\"https:\/\/lesmaconsdelacreuse.fr\/annuaire\/wp-content\/uploads\/2019\/07\/image1-1585.jpg\" alt=\"\" data-source-id=\"i.0\" data-asset-id=\"6470\" \/><\/p>\n<h4 style=\"text-align: center;\"><span style=\"color: #008000;\"><strong>ma\u00e7on<\/strong><\/span><\/h4>\n<p style=\"text-align: center;\">n\u00e9 \u00e0 Augerolles (Saint-Pardoux-Lavaud)<\/p>\n<p style=\"text-align: center;\">le 25 juillet 1700<\/p>\n<p style=\"text-align: center;\">fils de<\/p>\n<p style=\"text-align: center;\">Pierre LEBLANC,<span style=\"color: #008000;\"> <strong>ma\u00e7on <\/strong><\/span><strong>\/ <\/strong>Fran\u00e7oise COUTURIER<\/p>\n<p style=\"text-align: center;\">laboureurs<\/p>\n<p style=\"text-align: center;\"><span style=\"color: #ffffff;\">\u25d9<\/span><\/p>\n<p><em>Jean \u00e9pouse Jeanne <\/em><strong>CHANSARD<\/strong><em> le 24 f\u00e9vrier <\/em><strong>1728<\/strong><em> \u00e0 Saint-Pardoux. <\/em><\/p>\n<p><em>Veuf, il se remarie le 26 f\u00e9vrier<\/em> <strong>1732<\/strong><em> \u00e0 Saint-Pardoux avec Marie <\/em><strong>VILLATTE<\/strong><em> (contrat Delavergne au Monteil-au-Vicomte). <\/em><\/p>\n<p><em>Il teste le 31 janvier <\/em><strong>1734<\/strong><em> devant le m\u00eame notaire.<\/em><\/p>\n<p><em>De nouveau veuf, il \u00e9pouse \u00c9lisabeth <\/em><strong>DELAVALERIE<\/strong><em>, veuve de Fran\u00e7ois LEN\u00c8GRE, ma\u00e7on, le 29 mars <\/em><strong>1735<\/strong><em> \u00e0 Saint-Pierre-le-Bost (contrat Delavergne).<\/em><\/p>\n<p><em> Ils habitent le bourg de Saint-Pierre.<\/em><\/p>\n","protected":false},"excerpt":{"rendered":"<p>Mis \u00e0 jour le : 27\/04\/2026Jean LEBLANC Jean BLANC 1700 &#8211; apr\u00e8s 1737 ma\u00e7on n\u00e9 \u00e0 Augerolles (Saint-Pardoux-Lavaud) le 25 juillet 1700 fils de Pierre LEBLANC, ma\u00e7on \/ Fran\u00e7oise COUTURIER laboureurs \u25d9 Jean \u00e9pouse Jeanne CHANSARD le 24 f\u00e9vrier 1728 \u00e0 Saint-Pardoux. Veuf, il se remarie le 26 f\u00e9vrier 1732 \u00e0 Saint-Pardoux avec Marie VILLATTE ..<\/p>\n<div class=\"clear-fix\"><\/div>\n<p><a href=\"https:\/\/www.lesmaconsdelacreuse.fr\/annuaires\/lettre-l\/l_645\/\" title=\"Lire la suite...\">Lire la suite<\/a><\/p>\n","protected":false},"author":6,"featured_media":0,"comment_status":"closed","ping_status":"closed","sticky":false,"template":"","format":"standard","meta":{"_acf_changed":false,"_exactmetrics_skip_tracking":false,"_exactmetrics_sitenote_active":false,"_exactmetrics_sitenote_note":"","_exactmetrics_sitenote_category":0,"footnotes":""},"categories":[19],"tags":[],"class_list":["post-6471","post","type-post","status-publish","format-standard","hentry","category-lettre-l"],"acf":[],"_links":{"self":[{"href":"https:\/\/www.lesmaconsdelacreuse.fr\/annuaires\/wp-json\/wp\/v2\/posts\/6471","targetHints":{"allow":["GET"]}}],"collection":[{"href":"https:\/\/www.lesmaconsdelacreuse.fr\/annuaires\/wp-json\/wp\/v2\/posts"}],"about":[{"href":"https:\/\/www.lesmaconsdelacreuse.fr\/annuaires\/wp-json\/wp\/v2\/types\/post"}],"author":[{"embeddable":true,"href":"https:\/\/www.lesmaconsdelacreuse.fr\/annuaires\/wp-json\/wp\/v2\/users\/6"}],"replies":[{"embeddable":true,"href":"https:\/\/www.lesmaconsdelacreuse.fr\/annuaires\/wp-json\/wp\/v2\/comments?post=6471"}],"version-history":[{"count":0,"href":"https:\/\/www.lesmaconsdelacreuse.fr\/annuaires\/wp-json\/wp\/v2\/posts\/6471\/revisions"}],"wp:attachment":[{"href":"https:\/\/www.lesmaconsdelacreuse.fr\/annuaires\/wp-json\/wp\/v2\/media?parent=6471"}],"wp:term":[{"taxonomy":"category","embeddable":true,"href":"https:\/\/www.lesmaconsdelacreuse.fr\/annuaires\/wp-json\/wp\/v2\/categories?post=6471"},{"taxonomy":"post_tag","embeddable":true,"href":"https:\/\/www.lesmaconsdelacreuse.fr\/annuaires\/wp-json\/wp\/v2\/tags?post=6471"}],"curies":[{"name":"wp","href":"https:\/\/api.w.org\/{rel}","templated":true}]}}