{"id":6478,"date":"2019-07-28T13:41:15","date_gmt":"2019-07-28T11:41:15","guid":{"rendered":"http:\/\/lesmaconsdelacreuse.fr\/annuaire\/?p=6478"},"modified":"2023-01-04T13:47:41","modified_gmt":"2023-01-04T12:47:41","slug":"l_636","status":"publish","type":"post","link":"https:\/\/www.lesmaconsdelacreuse.fr\/annuaires\/lettre-l\/l_636\/","title":{"rendered":"LEBLANC Gabriel (vers 1690-1734)"},"content":{"rendered":"<p class=\"last-updated\"><strong>Mis \u00e0 jour le :<\/strong> 27\/04\/2026<\/p><h2 style=\"text-align: center;\"><strong>Gabriel LEBLANC<\/strong><\/h2>\n<p style=\"text-align: center;\"><strong>vers 1690 &#8211; 1734<\/strong><\/p>\n<p style=\"text-align: center;\"><img decoding=\"async\" title=\"\" src=\"https:\/\/lesmaconsdelacreuse.fr\/annuaire\/wp-content\/uploads\/2019\/07\/image1-1588.jpg\" alt=\"\" data-source-id=\"i.0\" data-asset-id=\"6477\" \/><\/p>\n<h4 style=\"text-align: center;\"><span style=\"color: #008000;\"><strong>ma\u00e7on<\/strong><\/span><\/h4>\n<p style=\"text-align: center;\">n\u00e9 au Planchadeau (Saint-Pierre-le-Bost)\u00a0?<\/p>\n<p style=\"text-align: center;\">vers 1690<\/p>\n<p style=\"text-align: center;\">fils de<\/p>\n<p style=\"text-align: center;\">Jean LEBLANC \/ Marguerite GUILLON<\/p>\n<p style=\"text-align: center;\"><span style=\"color: #ffffff;\">\u25d9<\/span><\/p>\n<p><strong>En 1716<\/strong><em>, Gabriel \u00e9pouse Jeanne <\/em><strong>GONDOULAUD<\/strong>\u00a0<em> (contrat Delavergne au Monteil-au-Vicomte).<\/em><\/p>\n<p><em> Ils habitent Le Planchadeau, paroisse de Saint-Pierre-le-Bost, chez le p\u00e8re de Jeanne.<\/em><\/p>\n<p><em>Gabriel y d\u00e9c\u00e8de le 11 janvier <\/em><strong>1734<\/strong><em>, \u00e2g\u00e9 de 44 ans environ, apr\u00e8s avoir test\u00e9 le 8 janvier devant Me Delavergne.<\/em><\/p>\n<p><em>Sa veuve se remarie en 1737 avec Jean JANICOT, ma\u00e7on, et d\u00e9c\u00e8de au Planchadeau le 20 mars 1745, \u00e2g\u00e9e de 48 ans environ.<\/em><\/p>\n<p>S17<\/p>\n","protected":false},"excerpt":{"rendered":"<p>Mis \u00e0 jour le : 27\/04\/2026Gabriel LEBLANC vers 1690 &#8211; 1734 ma\u00e7on n\u00e9 au Planchadeau (Saint-Pierre-le-Bost)\u00a0? vers 1690 fils de Jean LEBLANC \/ Marguerite GUILLON \u25d9 En 1716, Gabriel \u00e9pouse Jeanne GONDOULAUD\u00a0 (contrat Delavergne au Monteil-au-Vicomte). Ils habitent Le Planchadeau, paroisse de Saint-Pierre-le-Bost, chez le p\u00e8re de Jeanne. Gabriel y d\u00e9c\u00e8de le 11 janvier 1734, ..<\/p>\n<div class=\"clear-fix\"><\/div>\n<p><a href=\"https:\/\/www.lesmaconsdelacreuse.fr\/annuaires\/lettre-l\/l_636\/\" title=\"Lire la suite...\">Lire la suite<\/a><\/p>\n","protected":false},"author":6,"featured_media":0,"comment_status":"closed","ping_status":"closed","sticky":false,"template":"","format":"standard","meta":{"_acf_changed":false,"_exactmetrics_skip_tracking":false,"_exactmetrics_sitenote_active":false,"_exactmetrics_sitenote_note":"","_exactmetrics_sitenote_category":0,"footnotes":""},"categories":[19],"tags":[],"class_list":["post-6478","post","type-post","status-publish","format-standard","hentry","category-lettre-l"],"acf":[],"_links":{"self":[{"href":"https:\/\/www.lesmaconsdelacreuse.fr\/annuaires\/wp-json\/wp\/v2\/posts\/6478","targetHints":{"allow":["GET"]}}],"collection":[{"href":"https:\/\/www.lesmaconsdelacreuse.fr\/annuaires\/wp-json\/wp\/v2\/posts"}],"about":[{"href":"https:\/\/www.lesmaconsdelacreuse.fr\/annuaires\/wp-json\/wp\/v2\/types\/post"}],"author":[{"embeddable":true,"href":"https:\/\/www.lesmaconsdelacreuse.fr\/annuaires\/wp-json\/wp\/v2\/users\/6"}],"replies":[{"embeddable":true,"href":"https:\/\/www.lesmaconsdelacreuse.fr\/annuaires\/wp-json\/wp\/v2\/comments?post=6478"}],"version-history":[{"count":1,"href":"https:\/\/www.lesmaconsdelacreuse.fr\/annuaires\/wp-json\/wp\/v2\/posts\/6478\/revisions"}],"predecessor-version":[{"id":203802,"href":"https:\/\/www.lesmaconsdelacreuse.fr\/annuaires\/wp-json\/wp\/v2\/posts\/6478\/revisions\/203802"}],"wp:attachment":[{"href":"https:\/\/www.lesmaconsdelacreuse.fr\/annuaires\/wp-json\/wp\/v2\/media?parent=6478"}],"wp:term":[{"taxonomy":"category","embeddable":true,"href":"https:\/\/www.lesmaconsdelacreuse.fr\/annuaires\/wp-json\/wp\/v2\/categories?post=6478"},{"taxonomy":"post_tag","embeddable":true,"href":"https:\/\/www.lesmaconsdelacreuse.fr\/annuaires\/wp-json\/wp\/v2\/tags?post=6478"}],"curies":[{"name":"wp","href":"https:\/\/api.w.org\/{rel}","templated":true}]}}