{"id":6481,"date":"2019-07-28T13:41:15","date_gmt":"2019-07-28T11:41:15","guid":{"rendered":"http:\/\/lesmaconsdelacreuse.fr\/annuaire\/?p=6481"},"modified":"2020-01-20T11:27:18","modified_gmt":"2020-01-20T10:27:18","slug":"l_598","status":"publish","type":"post","link":"https:\/\/www.lesmaconsdelacreuse.fr\/annuaires\/lettre-l\/l_598\/","title":{"rendered":"LEBESSON L\u00e9on (1883-apr\u00e8s 1947)"},"content":{"rendered":"<p class=\"last-updated\"><strong>Mis \u00e0 jour le :<\/strong> 27\/04\/2026<\/p><h2 style=\"text-align: center;\"><strong>L\u00e9on LEBESSON<\/strong><\/h2>\n<p style=\"text-align: center;\"><strong>1883 \u2013 apr\u00e8s 1947<\/strong><\/p>\n<p style=\"text-align: center;\"><img loading=\"lazy\" decoding=\"async\" class=\"\" title=\"\" src=\"https:\/\/lesmaconsdelacreuse.fr\/annuaire\/wp-content\/uploads\/2019\/07\/image1-1590.jpg\" alt=\"\" width=\"374\" height=\"130\" data-source-id=\"i.0\" data-asset-id=\"6480\" \/><\/p>\n<h4 style=\"text-align: center;\"><span style=\"color: #008000;\"><strong>ma\u00e7on<\/strong><\/span><\/h4>\n<p style=\"text-align: center;\">n\u00e9 \u00e0 La Serre (Augne \u2013 87)<\/p>\n<p style=\"text-align: center;\">le 26 d\u00e9cembre 1883<\/p>\n<p style=\"text-align: center;\">fils de<\/p>\n<p style=\"text-align: center;\">L\u00e9onard LEBESSON \/ Marguerite PARNEIX<\/p>\n<p style=\"text-align: center;\"><span style=\"color: #ffffff;\">\u25d9<\/span><\/p>\n<p><strong>En 1904<\/strong><em><strong>,<\/strong> L\u00e9on domicili\u00e9 \u00e0 Neuvialle, commune de Saint-Martin-Ch\u00e2teau, avec son p\u00e8re, travaille dans la <\/em><span style=\"color: #0000ff;\"><strong>Seine (75)<\/strong><\/span><em> et y passe le conseil de r\u00e9vision.<\/em><\/p>\n<p><em> Il \u00e9pouse Jeanne <\/em><strong>VIALATOUX<\/strong><em> le 16 f\u00e9vrier <\/em><strong>1909<\/strong><em> \u00e0 Saint-Martin (mari\u00e9s sans contrat). <\/em><\/p>\n<p><strong>En 1914 et 1915<\/strong><em>, ils habitent <\/em><span style=\"color: #0000ff;\"><strong>Noisy-le-Sec (93)<\/strong><\/span><em>, 6, boulevard de Montreuil. <\/em><\/p>\n<p><strong>En 1924<\/strong><em>, ils divorcent. A cette \u00e9poque, L\u00e9on habite Noisy, 150, rue de Br\u00e9mont, et Jeanne, Paris, 17 bis, rue Neuve des Boulots. (Jeanne d\u00e9c\u00e8dera le 19 mai 1971 \u00e0 Paris 12e, \u00e2g\u00e9e de 83 ans)<\/em><\/p>\n<p><em>L\u00e9on se remarie le 19 f\u00e9vrier <\/em><strong>1942<\/strong><em> \u00e0 Paris 19e avec Julia <\/em><strong>BRIOIS<\/strong><em>,<\/em><\/p>\n<p><em>puis le 20 septembre <\/em><strong>1947<\/strong><em>, aussi \u00e0 Paris 19e, avec Eug\u00e9nie <\/em><strong>PASSERAT<\/strong><em>.<\/em><\/p>\n","protected":false},"excerpt":{"rendered":"<p>Mis \u00e0 jour le : 27\/04\/2026L\u00e9on LEBESSON 1883 \u2013 apr\u00e8s 1947 ma\u00e7on n\u00e9 \u00e0 La Serre (Augne \u2013 87) le 26 d\u00e9cembre 1883 fils de L\u00e9onard LEBESSON \/ Marguerite PARNEIX \u25d9 En 1904, L\u00e9on domicili\u00e9 \u00e0 Neuvialle, commune de Saint-Martin-Ch\u00e2teau, avec son p\u00e8re, travaille dans la Seine (75) et y passe le conseil de r\u00e9vision. ..<\/p>\n<div class=\"clear-fix\"><\/div>\n<p><a href=\"https:\/\/www.lesmaconsdelacreuse.fr\/annuaires\/lettre-l\/l_598\/\" title=\"Lire la suite...\">Lire la suite<\/a><\/p>\n","protected":false},"author":6,"featured_media":0,"comment_status":"closed","ping_status":"closed","sticky":false,"template":"","format":"standard","meta":{"_acf_changed":false,"_exactmetrics_skip_tracking":false,"_exactmetrics_sitenote_active":false,"_exactmetrics_sitenote_note":"","_exactmetrics_sitenote_category":0,"footnotes":""},"categories":[19],"tags":[],"class_list":["post-6481","post","type-post","status-publish","format-standard","hentry","category-lettre-l"],"acf":[],"_links":{"self":[{"href":"https:\/\/www.lesmaconsdelacreuse.fr\/annuaires\/wp-json\/wp\/v2\/posts\/6481","targetHints":{"allow":["GET"]}}],"collection":[{"href":"https:\/\/www.lesmaconsdelacreuse.fr\/annuaires\/wp-json\/wp\/v2\/posts"}],"about":[{"href":"https:\/\/www.lesmaconsdelacreuse.fr\/annuaires\/wp-json\/wp\/v2\/types\/post"}],"author":[{"embeddable":true,"href":"https:\/\/www.lesmaconsdelacreuse.fr\/annuaires\/wp-json\/wp\/v2\/users\/6"}],"replies":[{"embeddable":true,"href":"https:\/\/www.lesmaconsdelacreuse.fr\/annuaires\/wp-json\/wp\/v2\/comments?post=6481"}],"version-history":[{"count":0,"href":"https:\/\/www.lesmaconsdelacreuse.fr\/annuaires\/wp-json\/wp\/v2\/posts\/6481\/revisions"}],"wp:attachment":[{"href":"https:\/\/www.lesmaconsdelacreuse.fr\/annuaires\/wp-json\/wp\/v2\/media?parent=6481"}],"wp:term":[{"taxonomy":"category","embeddable":true,"href":"https:\/\/www.lesmaconsdelacreuse.fr\/annuaires\/wp-json\/wp\/v2\/categories?post=6481"},{"taxonomy":"post_tag","embeddable":true,"href":"https:\/\/www.lesmaconsdelacreuse.fr\/annuaires\/wp-json\/wp\/v2\/tags?post=6481"}],"curies":[{"name":"wp","href":"https:\/\/api.w.org\/{rel}","templated":true}]}}