{"id":6482,"date":"2019-07-28T13:41:14","date_gmt":"2019-07-28T11:41:14","guid":{"rendered":"http:\/\/lesmaconsdelacreuse.fr\/annuaire\/?p=6482"},"modified":"2022-12-13T14:51:31","modified_gmt":"2022-12-13T13:51:31","slug":"l_615","status":"publish","type":"post","link":"https:\/\/www.lesmaconsdelacreuse.fr\/annuaires\/lettre-l\/l_615\/","title":{"rendered":"LEBLANC \u00c9tienne (vers 1693-1793)"},"content":{"rendered":"<p class=\"last-updated\"><strong>Mis \u00e0 jour le :<\/strong> 27\/04\/2026<\/p><h2 style=\"text-align: center;\"><strong>\u00c9tienne LEBLANC<\/strong><\/h2>\n<p style=\"text-align: center;\"><strong>vers 1693 &#8211; 1793<\/strong><\/p>\n<p style=\"text-align: center;\"><img decoding=\"async\" title=\"\" src=\"https:\/\/lesmaconsdelacreuse.fr\/annuaire\/wp-content\/uploads\/2019\/07\/image1-1589.jpg\" alt=\"\" data-source-id=\"i.0\" data-asset-id=\"6479\" \/><\/p>\n<h4 style=\"text-align: center;\"><span style=\"color: #008000;\"><strong>ma\u00e7on<\/strong>; <strong>marchand <\/strong>et<strong> laboureur<\/strong><\/span><\/h4>\n<p>&nbsp;<\/p>\n<p style=\"text-align: center;\">n\u00e9 \u00e0 La Borderie (Le Compeix)\u00a0?<\/p>\n<p style=\"text-align: center;\">vers 1693<\/p>\n<p style=\"text-align: center;\">fils de<\/p>\n<p style=\"text-align: center;\">L\u00e9onard LEBLANC \/ Marie JOUANICAUD<\/p>\n<p style=\"text-align: center;\">laboureurs<\/p>\n<p style=\"text-align: center;\"><span style=\"color: #ffffff;\">\u25d9<\/span><\/p>\n<p><em>\u00c9tienne \u00e9pouse Th\u00e9r\u00e8se <\/em><strong>PARADOUX<\/strong><em> le 17 f\u00e9vrier <\/em><strong>1727<\/strong><em> au Compeix (date du \u25ba<a href=\"https:\/\/www.lesmaconsdelacreuse.fr\/annuaires\/wp-content\/uploads\/2020\/08\/CONG\u00c9-ou-REMISE.png\" target=\"_blank\" rel=\"noopener noreferrer\">cong\u00e9<\/a> &#8211; contrat Darfeuille \u00e0 Ch\u00e2tain).<\/em><\/p>\n<p><em> Ils habitent La Borderie.<\/em><\/p>\n<p><em>Ils y d\u00e9c\u00e8dent\u00a0:<\/em><\/p>\n<ul>\n<li><em>Th\u00e9r\u00e8se, le 28 novembre <\/em><strong>1781<\/strong><em>, \u00e2g\u00e9e de 73 ans<\/em><\/li>\n<li><em>\u00c9tienne, le 24 janvier <\/em><strong>1793<\/strong><em>, \u00e2g\u00e9 de 100 environ (\u00e2ge probablement exag\u00e9r\u00e9)<\/em><\/li>\n<\/ul>\n<p>S17<\/p>\n<p>&nbsp;<\/p>\n","protected":false},"excerpt":{"rendered":"<p>Mis \u00e0 jour le : 27\/04\/2026\u00c9tienne LEBLANC vers 1693 &#8211; 1793 ma\u00e7on; marchand et laboureur &nbsp; n\u00e9 \u00e0 La Borderie (Le Compeix)\u00a0? vers 1693 fils de L\u00e9onard LEBLANC \/ Marie JOUANICAUD laboureurs \u25d9 \u00c9tienne \u00e9pouse Th\u00e9r\u00e8se PARADOUX le 17 f\u00e9vrier 1727 au Compeix (date du \u25bacong\u00e9 &#8211; contrat Darfeuille \u00e0 Ch\u00e2tain). Ils habitent La Borderie. ..<\/p>\n<div class=\"clear-fix\"><\/div>\n<p><a href=\"https:\/\/www.lesmaconsdelacreuse.fr\/annuaires\/lettre-l\/l_615\/\" title=\"Lire la suite...\">Lire la suite<\/a><\/p>\n","protected":false},"author":6,"featured_media":0,"comment_status":"closed","ping_status":"closed","sticky":false,"template":"","format":"standard","meta":{"_acf_changed":false,"_exactmetrics_skip_tracking":false,"_exactmetrics_sitenote_active":false,"_exactmetrics_sitenote_note":"","_exactmetrics_sitenote_category":0,"footnotes":""},"categories":[19],"tags":[],"class_list":["post-6482","post","type-post","status-publish","format-standard","hentry","category-lettre-l"],"acf":[],"_links":{"self":[{"href":"https:\/\/www.lesmaconsdelacreuse.fr\/annuaires\/wp-json\/wp\/v2\/posts\/6482","targetHints":{"allow":["GET"]}}],"collection":[{"href":"https:\/\/www.lesmaconsdelacreuse.fr\/annuaires\/wp-json\/wp\/v2\/posts"}],"about":[{"href":"https:\/\/www.lesmaconsdelacreuse.fr\/annuaires\/wp-json\/wp\/v2\/types\/post"}],"author":[{"embeddable":true,"href":"https:\/\/www.lesmaconsdelacreuse.fr\/annuaires\/wp-json\/wp\/v2\/users\/6"}],"replies":[{"embeddable":true,"href":"https:\/\/www.lesmaconsdelacreuse.fr\/annuaires\/wp-json\/wp\/v2\/comments?post=6482"}],"version-history":[{"count":1,"href":"https:\/\/www.lesmaconsdelacreuse.fr\/annuaires\/wp-json\/wp\/v2\/posts\/6482\/revisions"}],"predecessor-version":[{"id":203045,"href":"https:\/\/www.lesmaconsdelacreuse.fr\/annuaires\/wp-json\/wp\/v2\/posts\/6482\/revisions\/203045"}],"wp:attachment":[{"href":"https:\/\/www.lesmaconsdelacreuse.fr\/annuaires\/wp-json\/wp\/v2\/media?parent=6482"}],"wp:term":[{"taxonomy":"category","embeddable":true,"href":"https:\/\/www.lesmaconsdelacreuse.fr\/annuaires\/wp-json\/wp\/v2\/categories?post=6482"},{"taxonomy":"post_tag","embeddable":true,"href":"https:\/\/www.lesmaconsdelacreuse.fr\/annuaires\/wp-json\/wp\/v2\/tags?post=6482"}],"curies":[{"name":"wp","href":"https:\/\/api.w.org\/{rel}","templated":true}]}}