{"id":6484,"date":"2019-07-28T13:41:14","date_gmt":"2019-07-28T11:41:14","guid":{"rendered":"http:\/\/lesmaconsdelacreuse.fr\/annuaire\/?p=6484"},"modified":"2020-01-20T11:27:20","modified_gmt":"2020-01-20T10:27:20","slug":"l_602","status":"publish","type":"post","link":"https:\/\/www.lesmaconsdelacreuse.fr\/annuaires\/lettre-l\/l_602\/","title":{"rendered":"LEBESSON L\u00e9onard (1882-1957)"},"content":{"rendered":"<p class=\"last-updated\"><strong>Mis \u00e0 jour le :<\/strong> 27\/04\/2026<\/p><h2 style=\"text-align: center;\"><strong>L\u00e9onard LEBESSON<\/strong><\/h2>\n<p style=\"text-align: center;\"><strong>1882 \u2013 1957<\/strong><\/p>\n<p style=\"text-align: center;\"><img decoding=\"async\" title=\"\" src=\"https:\/\/lesmaconsdelacreuse.fr\/annuaire\/wp-content\/uploads\/2019\/07\/image1-1591.jpg\" alt=\"\" data-source-id=\"i.0\" data-asset-id=\"6483\" \/><\/p>\n<h4 style=\"text-align: center;\"><span style=\"color: #008000;\"><strong>ma\u00e7on<\/strong><\/span><\/h4>\n<p style=\"text-align: center;\">n\u00e9 \u00e0 Rabazeix (Eymoutiers \u2013 87)<\/p>\n<p style=\"text-align: center;\">le 17 mars 1882<\/p>\n<p style=\"text-align: center;\">fils de<\/p>\n<p style=\"text-align: center;\">L\u00e9onard LEBESSON \/ Marguerite PARNEIX<\/p>\n<p style=\"text-align: center;\">cultivateurs<\/p>\n<p style=\"text-align: center;\"><span style=\"color: #ffffff;\">\u25d9<\/span><\/p>\n<p><strong>En 1903<\/strong><em>, lors du conseil de r\u00e9vision, L\u00e9onard est exempt\u00e9 de service militaire pour forte myopie.<\/em><\/p>\n<p><em>Il habite Neuvialle, commune de Saint-Martin-Ch\u00e2teau, avec son p\u00e8re, lorsqu\u2019il y \u00e9pouse Marie <\/em><strong>DELANNE<\/strong><em> le 9 f\u00e9vrier <\/em><strong>1907<\/strong><em> (mari\u00e9s sans contrat). Les \u00e9poux habitent d\u2019abord Neuvialle, m\u00eame commune.<\/em><\/p>\n<p><strong>En 1919<\/strong><em>, ils sont \u00e0 <\/em><span style=\"color: #0000ff;\"><strong>Noisy-le-Sec (93)<\/strong><\/span><em>, habitant 60, rue de Br\u00e9ment.<\/em><\/p>\n<p><em>Ils d\u00e9c\u00e8dent\u00a0:<\/em><\/p>\n<ul>\n<li><em>L\u00e9onard, \u00e0 Noisy, le 23 janvier <\/em><strong>1957<\/strong><em>, \u00e2g\u00e9 de 74 ans<\/em><\/li>\n<li><em>Marie, \u00e0 Montreuil (93), le 12 septembre <\/em><strong>1971<\/strong><em>, \u00e2g\u00e9e de 81 ans<\/em><\/li>\n<\/ul>\n","protected":false},"excerpt":{"rendered":"<p>Mis \u00e0 jour le : 27\/04\/2026L\u00e9onard LEBESSON 1882 \u2013 1957 ma\u00e7on n\u00e9 \u00e0 Rabazeix (Eymoutiers \u2013 87) le 17 mars 1882 fils de L\u00e9onard LEBESSON \/ Marguerite PARNEIX cultivateurs \u25d9 En 1903, lors du conseil de r\u00e9vision, L\u00e9onard est exempt\u00e9 de service militaire pour forte myopie. Il habite Neuvialle, commune de Saint-Martin-Ch\u00e2teau, avec son p\u00e8re, ..<\/p>\n<div class=\"clear-fix\"><\/div>\n<p><a href=\"https:\/\/www.lesmaconsdelacreuse.fr\/annuaires\/lettre-l\/l_602\/\" title=\"Lire la suite...\">Lire la suite<\/a><\/p>\n","protected":false},"author":6,"featured_media":0,"comment_status":"closed","ping_status":"closed","sticky":false,"template":"","format":"standard","meta":{"_acf_changed":false,"_exactmetrics_skip_tracking":false,"_exactmetrics_sitenote_active":false,"_exactmetrics_sitenote_note":"","_exactmetrics_sitenote_category":0,"footnotes":""},"categories":[19],"tags":[],"class_list":["post-6484","post","type-post","status-publish","format-standard","hentry","category-lettre-l"],"acf":[],"_links":{"self":[{"href":"https:\/\/www.lesmaconsdelacreuse.fr\/annuaires\/wp-json\/wp\/v2\/posts\/6484","targetHints":{"allow":["GET"]}}],"collection":[{"href":"https:\/\/www.lesmaconsdelacreuse.fr\/annuaires\/wp-json\/wp\/v2\/posts"}],"about":[{"href":"https:\/\/www.lesmaconsdelacreuse.fr\/annuaires\/wp-json\/wp\/v2\/types\/post"}],"author":[{"embeddable":true,"href":"https:\/\/www.lesmaconsdelacreuse.fr\/annuaires\/wp-json\/wp\/v2\/users\/6"}],"replies":[{"embeddable":true,"href":"https:\/\/www.lesmaconsdelacreuse.fr\/annuaires\/wp-json\/wp\/v2\/comments?post=6484"}],"version-history":[{"count":0,"href":"https:\/\/www.lesmaconsdelacreuse.fr\/annuaires\/wp-json\/wp\/v2\/posts\/6484\/revisions"}],"wp:attachment":[{"href":"https:\/\/www.lesmaconsdelacreuse.fr\/annuaires\/wp-json\/wp\/v2\/media?parent=6484"}],"wp:term":[{"taxonomy":"category","embeddable":true,"href":"https:\/\/www.lesmaconsdelacreuse.fr\/annuaires\/wp-json\/wp\/v2\/categories?post=6484"},{"taxonomy":"post_tag","embeddable":true,"href":"https:\/\/www.lesmaconsdelacreuse.fr\/annuaires\/wp-json\/wp\/v2\/tags?post=6484"}],"curies":[{"name":"wp","href":"https:\/\/api.w.org\/{rel}","templated":true}]}}