{"id":6486,"date":"2019-07-28T13:41:14","date_gmt":"2019-07-28T11:41:14","guid":{"rendered":"http:\/\/lesmaconsdelacreuse.fr\/annuaire\/?p=6486"},"modified":"2020-01-20T11:27:20","modified_gmt":"2020-01-20T10:27:20","slug":"l_641","status":"publish","type":"post","link":"https:\/\/www.lesmaconsdelacreuse.fr\/annuaires\/lettre-l\/l_641\/","title":{"rendered":"LEBLANC Gilles (vers 1720-avant 1780)"},"content":{"rendered":"<p class=\"last-updated\"><strong>Mis \u00e0 jour le :<\/strong> 27\/04\/2026<\/p><h2 style=\"text-align: center;\"><strong>Gilles LEBLANC<\/strong><\/h2>\n<p style=\"text-align: center;\"><strong>vers 1720 \u2013 avant 1780<\/strong><\/p>\n<p style=\"text-align: center;\"><img decoding=\"async\" title=\"\" src=\"https:\/\/lesmaconsdelacreuse.fr\/annuaire\/wp-content\/uploads\/2019\/07\/image1-1592.jpg\" alt=\"\" data-source-id=\"i.0\" data-asset-id=\"6485\" \/><\/p>\n<h4 style=\"text-align: center;\"><span style=\"color: #008000;\"><strong>ma\u00e7on <\/strong>et<strong> laboureur<\/strong><\/span><\/h4>\n<p style=\"text-align: center;\">n\u00e9 au bourg de Saint-Pierre-le-Bost\u00a0?<\/p>\n<p style=\"text-align: center;\">vers 1720<\/p>\n<p style=\"text-align: center;\">fils de<\/p>\n<p style=\"text-align: center;\">\u00c9tienne LEBLANC \/ Fran\u00e7oise VILLATTE<\/p>\n<p style=\"text-align: center;\">laboureurs<\/p>\n<p style=\"text-align: center;\"><span style=\"color: #ffffff;\">\u25d9<\/span><\/p>\n<p><em>Gilles \u00e9pouse L\u00e9onarde <\/em><strong>LEPETIT<\/strong><em> le 14 f\u00e9vrier <\/em><strong>1735<\/strong><em> \u00e0 Saint-Pierre (contrat Delavergne du Monteil-au-Vicomte).<\/em><\/p>\n<p><em> Ils habitent le bourg de Saint-Pierre.<\/em><\/p>\n<p><em>L\u00e9onarde d\u00e9c\u00e8de \u00e0 Villatange, paroisse de Morterolles, le 11 d\u00e9cembre <\/em><strong>1780<\/strong><em>, \u00e2g\u00e9e de 60 ans environ.<\/em><\/p>\n","protected":false},"excerpt":{"rendered":"<p>Mis \u00e0 jour le : 27\/04\/2026Gilles LEBLANC vers 1720 \u2013 avant 1780 ma\u00e7on et laboureur n\u00e9 au bourg de Saint-Pierre-le-Bost\u00a0? vers 1720 fils de \u00c9tienne LEBLANC \/ Fran\u00e7oise VILLATTE laboureurs \u25d9 Gilles \u00e9pouse L\u00e9onarde LEPETIT le 14 f\u00e9vrier 1735 \u00e0 Saint-Pierre (contrat Delavergne du Monteil-au-Vicomte). Ils habitent le bourg de Saint-Pierre. L\u00e9onarde d\u00e9c\u00e8de \u00e0 Villatange, ..<\/p>\n<div class=\"clear-fix\"><\/div>\n<p><a href=\"https:\/\/www.lesmaconsdelacreuse.fr\/annuaires\/lettre-l\/l_641\/\" title=\"Lire la suite...\">Lire la suite<\/a><\/p>\n","protected":false},"author":6,"featured_media":0,"comment_status":"closed","ping_status":"closed","sticky":false,"template":"","format":"standard","meta":{"_acf_changed":false,"_exactmetrics_skip_tracking":false,"_exactmetrics_sitenote_active":false,"_exactmetrics_sitenote_note":"","_exactmetrics_sitenote_category":0,"footnotes":""},"categories":[19],"tags":[],"class_list":["post-6486","post","type-post","status-publish","format-standard","hentry","category-lettre-l"],"acf":[],"_links":{"self":[{"href":"https:\/\/www.lesmaconsdelacreuse.fr\/annuaires\/wp-json\/wp\/v2\/posts\/6486","targetHints":{"allow":["GET"]}}],"collection":[{"href":"https:\/\/www.lesmaconsdelacreuse.fr\/annuaires\/wp-json\/wp\/v2\/posts"}],"about":[{"href":"https:\/\/www.lesmaconsdelacreuse.fr\/annuaires\/wp-json\/wp\/v2\/types\/post"}],"author":[{"embeddable":true,"href":"https:\/\/www.lesmaconsdelacreuse.fr\/annuaires\/wp-json\/wp\/v2\/users\/6"}],"replies":[{"embeddable":true,"href":"https:\/\/www.lesmaconsdelacreuse.fr\/annuaires\/wp-json\/wp\/v2\/comments?post=6486"}],"version-history":[{"count":0,"href":"https:\/\/www.lesmaconsdelacreuse.fr\/annuaires\/wp-json\/wp\/v2\/posts\/6486\/revisions"}],"wp:attachment":[{"href":"https:\/\/www.lesmaconsdelacreuse.fr\/annuaires\/wp-json\/wp\/v2\/media?parent=6486"}],"wp:term":[{"taxonomy":"category","embeddable":true,"href":"https:\/\/www.lesmaconsdelacreuse.fr\/annuaires\/wp-json\/wp\/v2\/categories?post=6486"},{"taxonomy":"post_tag","embeddable":true,"href":"https:\/\/www.lesmaconsdelacreuse.fr\/annuaires\/wp-json\/wp\/v2\/tags?post=6486"}],"curies":[{"name":"wp","href":"https:\/\/api.w.org\/{rel}","templated":true}]}}