{"id":6496,"date":"2019-07-28T13:41:14","date_gmt":"2019-07-28T11:41:14","guid":{"rendered":"http:\/\/lesmaconsdelacreuse.fr\/annuaire\/?p=6496"},"modified":"2020-09-27T17:04:48","modified_gmt":"2020-09-27T15:04:48","slug":"l_606","status":"publish","type":"post","link":"https:\/\/www.lesmaconsdelacreuse.fr\/annuaires\/lettre-l\/l_606\/","title":{"rendered":"LEBLANC Antoine (1812-1888)"},"content":{"rendered":"<p class=\"last-updated\"><strong>Mis \u00e0 jour le :<\/strong> 27\/04\/2026<\/p><h2 style=\"text-align: center;\"><strong>Antoine LEBLANC<\/strong><\/h2>\n<p style=\"text-align: center;\"><strong>1812 \u2013 1888<\/strong><\/p>\n<p style=\"text-align: center;\"><img decoding=\"async\" title=\"\" src=\"https:\/\/lesmaconsdelacreuse.fr\/annuaire\/wp-content\/uploads\/2019\/07\/image1-1596.jpg\" alt=\"\" data-source-id=\"i.0\" data-asset-id=\"6494\" \/><\/p>\n<h4 style=\"text-align: center;\"><span style=\"color: #008000;\"><strong>ma\u00e7on <\/strong>et <strong>propri\u00e9taire cultivateur<\/strong><\/span><\/h4>\n<p>&nbsp;<\/p>\n<p style=\"text-align: center;\">n\u00e9 \u00e0 Beauvais (Saint-Pierre-le-Bost)<\/p>\n<p style=\"text-align: center;\">le 20 novembre 1812<\/p>\n<p style=\"text-align: center;\">fils de<\/p>\n<p style=\"text-align: center;\">Antoine LEBLANC,<span style=\"color: #008000;\"> <strong>ma\u00e7on <\/strong><\/span><strong>\/ <\/strong>Jeanne LARBANEIX<\/p>\n<p style=\"text-align: center;\">propri\u00e9taires cultivateurs<\/p>\n<p style=\"text-align: center;\"><span style=\"color: #ffffff;\">\u25d9<\/span><\/p>\n<p><em>Antoine \u00e9pouse Jeanne <\/em><strong>DEBAS<\/strong><em> le 18 f\u00e9vrier <\/em><strong>1839<\/strong><em> \u00e0 Saint-Pierre (contrat Lepetit au Monteil-au-Vicomte). Ils habitent Beauvais. <\/em><\/p>\n<p>E<strong>n 1841, 1844 et 1852<\/strong><em>, Antoine travaille \u00e0 <\/em><span style=\"color: #0000ff;\"><strong>Lyon (69)<\/strong><\/span><em>.<\/em><\/p>\n<p><strong>En 1855<\/strong><em>, il est incarc\u00e9r\u00e9 \u00e0 deux reprises \u00e0 la \u25ba<a href=\"https:\/\/www.lesmaconsdelacreuse.fr\/annuaires\/\/wp-content\/uploads\/LEXIQUE\/PRISON_SAINT-PAUL.pdf\" target=\"_blank\" rel=\"noopener noreferrer\">prison Saint-Paul<\/a> , l\u2019une pour coups et blessures, l\u2019autre pour \u25ba<a href=\"https:\/\/www.lesmaconsdelacreuse.fr\/annuaires\/wp-content\/uploads\/2020\/08\/COALITION.png\" target=\"_blank\" rel=\"noopener noreferrer\">coalition<\/a>.<\/em><\/p>\n<p><em>Les \u00e9poux d\u00e9c\u00e8dent \u00e0 Beauvais\u00a0:<\/em><\/p>\n<ul>\n<li><em>Marie, le 1er novembre <\/em><strong>1877<\/strong><em>, \u00e2g\u00e9e de 63 ans<\/em><\/li>\n<li><em>Antoine, le 16 d\u00e9cembre <\/em><strong>1888<\/strong><em>, \u00e2g\u00e9 de 76 ans<\/em><\/li>\n<\/ul>\n<p>&nbsp;<\/p>\n","protected":false},"excerpt":{"rendered":"<p>Mis \u00e0 jour le : 27\/04\/2026Antoine LEBLANC 1812 \u2013 1888 ma\u00e7on et propri\u00e9taire cultivateur &nbsp; n\u00e9 \u00e0 Beauvais (Saint-Pierre-le-Bost) le 20 novembre 1812 fils de Antoine LEBLANC, ma\u00e7on \/ Jeanne LARBANEIX propri\u00e9taires cultivateurs \u25d9 Antoine \u00e9pouse Jeanne DEBAS le 18 f\u00e9vrier 1839 \u00e0 Saint-Pierre (contrat Lepetit au Monteil-au-Vicomte). Ils habitent Beauvais. En 1841, 1844 et ..<\/p>\n<div class=\"clear-fix\"><\/div>\n<p><a href=\"https:\/\/www.lesmaconsdelacreuse.fr\/annuaires\/lettre-l\/l_606\/\" title=\"Lire la suite...\">Lire la suite<\/a><\/p>\n","protected":false},"author":6,"featured_media":0,"comment_status":"closed","ping_status":"closed","sticky":false,"template":"","format":"standard","meta":{"_acf_changed":false,"_exactmetrics_skip_tracking":false,"_exactmetrics_sitenote_active":false,"_exactmetrics_sitenote_note":"","_exactmetrics_sitenote_category":0,"footnotes":""},"categories":[19],"tags":[],"class_list":["post-6496","post","type-post","status-publish","format-standard","hentry","category-lettre-l"],"acf":[],"_links":{"self":[{"href":"https:\/\/www.lesmaconsdelacreuse.fr\/annuaires\/wp-json\/wp\/v2\/posts\/6496","targetHints":{"allow":["GET"]}}],"collection":[{"href":"https:\/\/www.lesmaconsdelacreuse.fr\/annuaires\/wp-json\/wp\/v2\/posts"}],"about":[{"href":"https:\/\/www.lesmaconsdelacreuse.fr\/annuaires\/wp-json\/wp\/v2\/types\/post"}],"author":[{"embeddable":true,"href":"https:\/\/www.lesmaconsdelacreuse.fr\/annuaires\/wp-json\/wp\/v2\/users\/6"}],"replies":[{"embeddable":true,"href":"https:\/\/www.lesmaconsdelacreuse.fr\/annuaires\/wp-json\/wp\/v2\/comments?post=6496"}],"version-history":[{"count":0,"href":"https:\/\/www.lesmaconsdelacreuse.fr\/annuaires\/wp-json\/wp\/v2\/posts\/6496\/revisions"}],"wp:attachment":[{"href":"https:\/\/www.lesmaconsdelacreuse.fr\/annuaires\/wp-json\/wp\/v2\/media?parent=6496"}],"wp:term":[{"taxonomy":"category","embeddable":true,"href":"https:\/\/www.lesmaconsdelacreuse.fr\/annuaires\/wp-json\/wp\/v2\/categories?post=6496"},{"taxonomy":"post_tag","embeddable":true,"href":"https:\/\/www.lesmaconsdelacreuse.fr\/annuaires\/wp-json\/wp\/v2\/tags?post=6496"}],"curies":[{"name":"wp","href":"https:\/\/api.w.org\/{rel}","templated":true}]}}