{"id":6497,"date":"2019-07-28T13:41:13","date_gmt":"2019-07-28T11:41:13","guid":{"rendered":"http:\/\/lesmaconsdelacreuse.fr\/annuaire\/?p=6497"},"modified":"2020-09-29T08:58:49","modified_gmt":"2020-09-29T06:58:49","slug":"l_610","status":"publish","type":"post","link":"https:\/\/www.lesmaconsdelacreuse.fr\/annuaires\/lettre-l\/l_610\/","title":{"rendered":"LEBLANC Auguste (1856-1924)"},"content":{"rendered":"<p class=\"last-updated\"><strong>Mis \u00e0 jour le :<\/strong> 27\/04\/2026<\/p><h2 style=\"text-align: center;\"><strong>Auguste LEBLANC<\/strong><\/h2>\n<p style=\"text-align: center;\"><strong>1856 \u2013 1924<\/strong><\/p>\n<p style=\"text-align: center;\"><img loading=\"lazy\" decoding=\"async\" class=\"\" title=\"\" src=\"https:\/\/lesmaconsdelacreuse.fr\/annuaire\/wp-content\/uploads\/2019\/07\/image1-1597.jpg\" alt=\"\" width=\"298\" height=\"82\" data-source-id=\"i.0\" data-asset-id=\"6495\" \/><\/p>\n<h4 style=\"text-align: center;\"><span style=\"color: #008000;\"><strong>entrepreneur<\/strong> <\/span><strong><span style=\"color: #008000;\">en ma\u00e7onneri<\/span>e<\/strong><\/h4>\n<p>&nbsp;<\/p>\n<p style=\"text-align: center;\">n\u00e9 \u00e0 Boussac (Saint-Martin-Ch\u00e2teau)<\/p>\n<p style=\"text-align: center;\">le 5 novembre 1856<\/p>\n<p style=\"text-align: center;\">fils de<\/p>\n<p style=\"text-align: center;\">Fran\u00e7ois LEBLANC, <span style=\"color: #008000;\"><strong>ma\u00e7on <\/strong><\/span><strong>\/ <\/strong>Gilberte PARIS<\/p>\n<p style=\"text-align: center;\">propri\u00e9taires cultivateurs<\/p>\n<p style=\"text-align: center;\"><span style=\"color: #ffffff;\">\u25d9<\/span><\/p>\n<p><strong>En 1876<\/strong>,<em> Auguste, <\/em><span style=\"color: #008000;\"><strong>ma\u00e7on<\/strong><\/span><em> travaille \u00e0 <\/em><span style=\"color: #0000ff;\"><strong>Villeurbanne (69)<\/strong><\/span><em>, et loge 19, cours Lafayette.<\/em><\/p>\n<p><strong>En 1877<\/strong><em>, il passe le conseil de r\u00e9vision \u00e0 <\/em><span style=\"color: #0000ff;\"><strong>Lyon (69)<\/strong><\/span><em>; il est dispens\u00e9 de service militaire, comme fils a\u00een\u00e9 de veuve. <\/em><\/p>\n<p><strong>En 1878<\/strong><em>, il habite Villeurbanne avec sa m\u00e8re, 16, cours Lafayette.<\/em><\/p>\n<p><em> Il y \u00e9pouse le 24 ao\u00fbt de la m\u00eame ann\u00e9e Marie-Th\u00e9r\u00e8se <\/em><strong>BUTAUD<\/strong><em>, \u25ba<a href=\"https:\/\/www.lesmaconsdelacreuse.fr\/annuaires\/wp-content\/uploads\/2019\/08\/M\u00c9CANICIENNE.png\" target=\"_blank\" rel=\"noopener noreferrer\">m\u00e9canicienne<\/a> native de Bourganeuf (mari\u00e9s sans contrat).<\/em><\/p>\n<p><strong>En 1880<\/strong><em>, les \u00e9poux habitent Villeurbanne, 17, rue Magenta. <\/em><\/p>\n<p><strong>En 1884<\/strong><em>, Auguste fonde \u00e0 Lyon une <\/em><span style=\"color: #008000;\"><strong>entreprise<\/strong><\/span><em> avec son fr\u00e8re Junien\u00a0; le si\u00e8ge de l\u2019entreprise est 70, cours Henri (actuellement cours Docteur Long). <\/em><\/p>\n<p><strong>En 1888 et 1889<\/strong><em>, il habite Lyon, 9, rue Corne de Cerf\u00a0; <\/em><\/p>\n<p><strong>en 1898<\/strong><em>, 5, rue Am\u00e9lie. <\/em><\/p>\n<p><strong>En 1902<\/strong><em>, il est veuf, et habite 146, chemin des Pins.<\/em><\/p>\n<p><em>Il se remarie le 24 juin de la m\u00eame ann\u00e9e \u00e0 Lyon 3e avec Marie <\/em><strong>MOLLARD<\/strong><em> n\u00e9e en Savoie (contrat Vacher). <\/em><\/p>\n<p><em>Les \u00e9poux d\u00e9c\u00e8dent \u00e0 l\u2019adresse de 1902\u00a0:<\/em><\/p>\n<ul>\n<li><em>Marie, le 15 mai <\/em><strong>1918<\/strong><em>, \u00e2g\u00e9e de 55 ans<\/em><\/li>\n<li><em>Auguste, le 5 avril <\/em><strong>1924<\/strong><em>, \u00e2g\u00e9 de 67 ans. <\/em><\/li>\n<\/ul>\n<p>&nbsp;<\/p>\n","protected":false},"excerpt":{"rendered":"<p>Mis \u00e0 jour le : 27\/04\/2026Auguste LEBLANC 1856 \u2013 1924 entrepreneur en ma\u00e7onnerie &nbsp; n\u00e9 \u00e0 Boussac (Saint-Martin-Ch\u00e2teau) le 5 novembre 1856 fils de Fran\u00e7ois LEBLANC, ma\u00e7on \/ Gilberte PARIS propri\u00e9taires cultivateurs \u25d9 En 1876, Auguste, ma\u00e7on travaille \u00e0 Villeurbanne (69), et loge 19, cours Lafayette. En 1877, il passe le conseil de r\u00e9vision \u00e0 ..<\/p>\n<div class=\"clear-fix\"><\/div>\n<p><a href=\"https:\/\/www.lesmaconsdelacreuse.fr\/annuaires\/lettre-l\/l_610\/\" title=\"Lire la suite...\">Lire la suite<\/a><\/p>\n","protected":false},"author":6,"featured_media":0,"comment_status":"closed","ping_status":"closed","sticky":false,"template":"","format":"standard","meta":{"_acf_changed":false,"_exactmetrics_skip_tracking":false,"_exactmetrics_sitenote_active":false,"_exactmetrics_sitenote_note":"","_exactmetrics_sitenote_category":0,"footnotes":""},"categories":[19],"tags":[],"class_list":["post-6497","post","type-post","status-publish","format-standard","hentry","category-lettre-l"],"acf":[],"_links":{"self":[{"href":"https:\/\/www.lesmaconsdelacreuse.fr\/annuaires\/wp-json\/wp\/v2\/posts\/6497","targetHints":{"allow":["GET"]}}],"collection":[{"href":"https:\/\/www.lesmaconsdelacreuse.fr\/annuaires\/wp-json\/wp\/v2\/posts"}],"about":[{"href":"https:\/\/www.lesmaconsdelacreuse.fr\/annuaires\/wp-json\/wp\/v2\/types\/post"}],"author":[{"embeddable":true,"href":"https:\/\/www.lesmaconsdelacreuse.fr\/annuaires\/wp-json\/wp\/v2\/users\/6"}],"replies":[{"embeddable":true,"href":"https:\/\/www.lesmaconsdelacreuse.fr\/annuaires\/wp-json\/wp\/v2\/comments?post=6497"}],"version-history":[{"count":0,"href":"https:\/\/www.lesmaconsdelacreuse.fr\/annuaires\/wp-json\/wp\/v2\/posts\/6497\/revisions"}],"wp:attachment":[{"href":"https:\/\/www.lesmaconsdelacreuse.fr\/annuaires\/wp-json\/wp\/v2\/media?parent=6497"}],"wp:term":[{"taxonomy":"category","embeddable":true,"href":"https:\/\/www.lesmaconsdelacreuse.fr\/annuaires\/wp-json\/wp\/v2\/categories?post=6497"},{"taxonomy":"post_tag","embeddable":true,"href":"https:\/\/www.lesmaconsdelacreuse.fr\/annuaires\/wp-json\/wp\/v2\/tags?post=6497"}],"curies":[{"name":"wp","href":"https:\/\/api.w.org\/{rel}","templated":true}]}}