{"id":6503,"date":"2019-07-28T13:41:13","date_gmt":"2019-07-28T11:41:13","guid":{"rendered":"http:\/\/lesmaconsdelacreuse.fr\/annuaire\/?p=6503"},"modified":"2021-11-24T11:32:03","modified_gmt":"2021-11-24T10:32:03","slug":"l_623","status":"publish","type":"post","link":"https:\/\/www.lesmaconsdelacreuse.fr\/annuaires\/lettre-l\/l_623\/","title":{"rendered":"LEBLANC \u00c9tienne (1879-1969)"},"content":{"rendered":"<p class=\"last-updated\"><strong>Mis \u00e0 jour le :<\/strong> 27\/04\/2026<\/p><h2 style=\"text-align: center;\"><strong>\u00c9tienne LEBLANC<\/strong><\/h2>\n<p style=\"text-align: center;\"><strong>1879 \u2013 apr\u00e8s 1969<\/strong><\/p>\n<p style=\"text-align: center;\"><img decoding=\"async\" title=\"\" src=\"https:\/\/lesmaconsdelacreuse.fr\/annuaire\/wp-content\/uploads\/2019\/07\/image1-1600.jpg\" alt=\"\" data-source-id=\"i.0\" data-asset-id=\"6501\" \/><\/p>\n<h4 style=\"text-align: center;\"><span style=\"color: #008000;\"><strong>ma\u00e7on <\/strong>et<strong> cultivateur<\/strong><\/span><\/h4>\n<p style=\"text-align: center;\">n\u00e9 au Chassagnoux (Roy\u00e8re)<\/p>\n<p style=\"text-align: center;\">le 30 novembre 1879<\/p>\n<p style=\"text-align: center;\">fils de<\/p>\n<p style=\"text-align: center;\">Jean LEBLANC, <span style=\"color: #008000;\"><strong>ma\u00e7on<\/strong><\/span><\/p>\n<p style=\"text-align: center;\">Marie BOUTY, cultivatrice<\/p>\n<p style=\"text-align: center;\"><span style=\"color: #ffffff;\">\u25d9<\/span><\/p>\n<p><strong>En 1900<\/strong><em>, \u00c9tienne passe le conseil de r\u00e9vision dans le <\/em><span style=\"color: #0000ff;\"><strong>Rh\u00f4ne<\/strong><\/span><em>.<\/em><\/p>\n<p><em>Il \u00e9pouse Am\u00e9lie <\/em><strong>PORTIER<\/strong><em> le 4 f\u00e9vrier <\/em><strong>1905<\/strong><em> \u00e0 Saint-Martin-Ch\u00e2teau (contrat Toumieux \u00e0 Roy\u00e8re). <\/em><\/p>\n<p><strong>En 1906<\/strong><em>, ils sont tous deux \u00e0 <\/em><strong><span style=\"color: #0000ff;\">Miribel (01)<\/span>\u00a0<\/strong><em>;<\/em><\/p>\n<p><strong>en 1907<\/strong><em>, \u00e0 <\/em><span style=\"color: #0000ff;\"><strong>Lyon (69)<\/strong><\/span><em>, 75, rue de Bonnel\u00a0;<\/em><\/p>\n<p><strong>en 1908<\/strong><em>, toujours \u00e0 Lyon, 29, rue Moncey.<\/em><\/p>\n<p><strong>En 1909<\/strong><em>, Am\u00e9lie vient accoucher au Ch\u00e2taignoux .<\/em><\/p>\n<p><em>Les \u00e9poux d\u00e9c\u00e8dent \u00e0 Auchaise\u00a0:<\/em><\/p>\n<ul>\n<li><em>\u00c9tienne, le 27 novembre <\/em><strong>1969<\/strong><em>, \u00e2g\u00e9 de 89 ans<\/em><\/li>\n<li><em>Am\u00e9lie, le 17 octobre <\/em><strong>1972<\/strong><em>, \u00e2g\u00e9e de 87 ans<\/em><\/li>\n<\/ul>\n<p>&nbsp;<\/p>\n","protected":false},"excerpt":{"rendered":"<p>Mis \u00e0 jour le : 27\/04\/2026\u00c9tienne LEBLANC 1879 \u2013 apr\u00e8s 1969 ma\u00e7on et cultivateur n\u00e9 au Chassagnoux (Roy\u00e8re) le 30 novembre 1879 fils de Jean LEBLANC, ma\u00e7on Marie BOUTY, cultivatrice \u25d9 En 1900, \u00c9tienne passe le conseil de r\u00e9vision dans le Rh\u00f4ne. Il \u00e9pouse Am\u00e9lie PORTIER le 4 f\u00e9vrier 1905 \u00e0 Saint-Martin-Ch\u00e2teau (contrat Toumieux \u00e0 ..<\/p>\n<div class=\"clear-fix\"><\/div>\n<p><a href=\"https:\/\/www.lesmaconsdelacreuse.fr\/annuaires\/lettre-l\/l_623\/\" title=\"Lire la suite...\">Lire la suite<\/a><\/p>\n","protected":false},"author":6,"featured_media":0,"comment_status":"closed","ping_status":"closed","sticky":false,"template":"","format":"standard","meta":{"_acf_changed":false,"_exactmetrics_skip_tracking":false,"_exactmetrics_sitenote_active":false,"_exactmetrics_sitenote_note":"","_exactmetrics_sitenote_category":0,"footnotes":""},"categories":[19],"tags":[],"class_list":["post-6503","post","type-post","status-publish","format-standard","hentry","category-lettre-l"],"acf":[],"_links":{"self":[{"href":"https:\/\/www.lesmaconsdelacreuse.fr\/annuaires\/wp-json\/wp\/v2\/posts\/6503","targetHints":{"allow":["GET"]}}],"collection":[{"href":"https:\/\/www.lesmaconsdelacreuse.fr\/annuaires\/wp-json\/wp\/v2\/posts"}],"about":[{"href":"https:\/\/www.lesmaconsdelacreuse.fr\/annuaires\/wp-json\/wp\/v2\/types\/post"}],"author":[{"embeddable":true,"href":"https:\/\/www.lesmaconsdelacreuse.fr\/annuaires\/wp-json\/wp\/v2\/users\/6"}],"replies":[{"embeddable":true,"href":"https:\/\/www.lesmaconsdelacreuse.fr\/annuaires\/wp-json\/wp\/v2\/comments?post=6503"}],"version-history":[{"count":1,"href":"https:\/\/www.lesmaconsdelacreuse.fr\/annuaires\/wp-json\/wp\/v2\/posts\/6503\/revisions"}],"predecessor-version":[{"id":192624,"href":"https:\/\/www.lesmaconsdelacreuse.fr\/annuaires\/wp-json\/wp\/v2\/posts\/6503\/revisions\/192624"}],"wp:attachment":[{"href":"https:\/\/www.lesmaconsdelacreuse.fr\/annuaires\/wp-json\/wp\/v2\/media?parent=6503"}],"wp:term":[{"taxonomy":"category","embeddable":true,"href":"https:\/\/www.lesmaconsdelacreuse.fr\/annuaires\/wp-json\/wp\/v2\/categories?post=6503"},{"taxonomy":"post_tag","embeddable":true,"href":"https:\/\/www.lesmaconsdelacreuse.fr\/annuaires\/wp-json\/wp\/v2\/tags?post=6503"}],"curies":[{"name":"wp","href":"https:\/\/api.w.org\/{rel}","templated":true}]}}