{"id":6512,"date":"2019-07-28T13:41:12","date_gmt":"2019-07-28T11:41:12","guid":{"rendered":"http:\/\/lesmaconsdelacreuse.fr\/annuaire\/?p=6512"},"modified":"2022-06-06T08:13:43","modified_gmt":"2022-06-06T06:13:43","slug":"l_593","status":"publish","type":"post","link":"https:\/\/www.lesmaconsdelacreuse.fr\/annuaires\/lettre-l\/l_593\/","title":{"rendered":"LEBERT Fran\u00e7ois (1874-apr\u00e8s 1920)"},"content":{"rendered":"<p class=\"last-updated\"><strong>Mis \u00e0 jour le :<\/strong> 27\/04\/2026<\/p><h2 style=\"text-align: center;\"><strong>Fran\u00e7ois LEBERT<\/strong><\/h2>\n<p style=\"text-align: center;\"><strong>1874 \u2013 apr\u00e8s 1920<\/strong><\/p>\n<p><a href=\"https:\/\/www.lesmaconsdelacreuse.fr\/annuaires\/wp-content\/uploads\/2019\/07\/LEBERT-Francois-1874.jpg\"><img loading=\"lazy\" decoding=\"async\" class=\" wp-image-199969 aligncenter\" src=\"https:\/\/www.lesmaconsdelacreuse.fr\/annuaires\/wp-content\/uploads\/2019\/07\/LEBERT-Francois-1874.jpg\" alt=\"\" width=\"134\" height=\"79\" srcset=\"https:\/\/www.lesmaconsdelacreuse.fr\/annuaires\/wp-content\/uploads\/2019\/07\/LEBERT-Francois-1874.jpg 105w, https:\/\/www.lesmaconsdelacreuse.fr\/annuaires\/wp-content\/uploads\/2019\/07\/LEBERT-Francois-1874-16x9.jpg 16w\" sizes=\"auto, (max-width: 134px) 100vw, 134px\" \/><\/a><\/p>\n<h4 style=\"text-align: center;\"><span style=\"color: #008000;\"><strong>ma\u00e7on<\/strong><\/span><\/h4>\n<p style=\"text-align: center;\">n\u00e9 au Masguillard (Bourganeuf)<\/p>\n<p style=\"text-align: center;\">le 28 juin 1874<\/p>\n<p style=\"text-align: center;\">fils de<\/p>\n<p style=\"text-align: center;\">Mathieu LEBART \/ Marie FURSAT<\/p>\n<p style=\"text-align: center;\">cultivateurs<\/p>\n<p style=\"text-align: center;\"><span style=\"color: #ffffff;\">\u25d9<\/span><\/p>\n<p><strong>En 1895<\/strong><em>, Fran\u00e7ois domicili\u00e9 \u00e0 Saint-Pierre-le-Bost avec ses parents, travaille dans le <\/em><span style=\"color: #0000ff;\"><strong>Rh\u00f4ne (69)<\/strong><\/span><em> et y passe le conseil de r\u00e9vision.<\/em><\/p>\n<p><em>Il r\u00e9side ensuite \u00e0 <\/em><strong><span style=\"color: #0000ff;\">Paris (75)<\/span><em>\u00a0<\/em><\/strong><em>:<\/em><\/p>\n<p><strong>en 1899<\/strong><em>, 18, rue Saint-M\u00e9dard;<\/em><\/p>\n<p><strong>en 1904<\/strong><em>, 14, rue Lecourbe.<\/em><\/p>\n<p><em> Il \u00e9pouse Marie <\/em><strong>COUPET, <\/strong><em>creusoise native de Saint-Amand-<\/em><em>Jartoudeix<\/em><strong><em>, <\/em><\/strong><em> le 11 novembre <\/em><strong>1905<\/strong><em> \u00e0 Paris 5e. <\/em><\/p>\n<p><strong>En 1907<\/strong><em>, ils habitent 41, rue Barrault dans le 13e arrondissement.<\/em><\/p>\n","protected":false},"excerpt":{"rendered":"<p>Mis \u00e0 jour le : 27\/04\/2026Fran\u00e7ois LEBERT 1874 \u2013 apr\u00e8s 1920 ma\u00e7on n\u00e9 au Masguillard (Bourganeuf) le 28 juin 1874 fils de Mathieu LEBART \/ Marie FURSAT cultivateurs \u25d9 En 1895, Fran\u00e7ois domicili\u00e9 \u00e0 Saint-Pierre-le-Bost avec ses parents, travaille dans le Rh\u00f4ne (69) et y passe le conseil de r\u00e9vision. Il r\u00e9side ensuite \u00e0 Paris ..<\/p>\n<div class=\"clear-fix\"><\/div>\n<p><a href=\"https:\/\/www.lesmaconsdelacreuse.fr\/annuaires\/lettre-l\/l_593\/\" title=\"Lire la suite...\">Lire la suite<\/a><\/p>\n","protected":false},"author":6,"featured_media":0,"comment_status":"closed","ping_status":"closed","sticky":false,"template":"","format":"standard","meta":{"_acf_changed":false,"_exactmetrics_skip_tracking":false,"_exactmetrics_sitenote_active":false,"_exactmetrics_sitenote_note":"","_exactmetrics_sitenote_category":0,"footnotes":""},"categories":[19],"tags":[],"class_list":["post-6512","post","type-post","status-publish","format-standard","hentry","category-lettre-l"],"acf":[],"_links":{"self":[{"href":"https:\/\/www.lesmaconsdelacreuse.fr\/annuaires\/wp-json\/wp\/v2\/posts\/6512","targetHints":{"allow":["GET"]}}],"collection":[{"href":"https:\/\/www.lesmaconsdelacreuse.fr\/annuaires\/wp-json\/wp\/v2\/posts"}],"about":[{"href":"https:\/\/www.lesmaconsdelacreuse.fr\/annuaires\/wp-json\/wp\/v2\/types\/post"}],"author":[{"embeddable":true,"href":"https:\/\/www.lesmaconsdelacreuse.fr\/annuaires\/wp-json\/wp\/v2\/users\/6"}],"replies":[{"embeddable":true,"href":"https:\/\/www.lesmaconsdelacreuse.fr\/annuaires\/wp-json\/wp\/v2\/comments?post=6512"}],"version-history":[{"count":3,"href":"https:\/\/www.lesmaconsdelacreuse.fr\/annuaires\/wp-json\/wp\/v2\/posts\/6512\/revisions"}],"predecessor-version":[{"id":199970,"href":"https:\/\/www.lesmaconsdelacreuse.fr\/annuaires\/wp-json\/wp\/v2\/posts\/6512\/revisions\/199970"}],"wp:attachment":[{"href":"https:\/\/www.lesmaconsdelacreuse.fr\/annuaires\/wp-json\/wp\/v2\/media?parent=6512"}],"wp:term":[{"taxonomy":"category","embeddable":true,"href":"https:\/\/www.lesmaconsdelacreuse.fr\/annuaires\/wp-json\/wp\/v2\/categories?post=6512"},{"taxonomy":"post_tag","embeddable":true,"href":"https:\/\/www.lesmaconsdelacreuse.fr\/annuaires\/wp-json\/wp\/v2\/tags?post=6512"}],"curies":[{"name":"wp","href":"https:\/\/api.w.org\/{rel}","templated":true}]}}