{"id":6515,"date":"2019-07-28T13:41:12","date_gmt":"2019-07-28T11:41:12","guid":{"rendered":"http:\/\/lesmaconsdelacreuse.fr\/annuaire\/?p=6515"},"modified":"2020-01-20T11:27:22","modified_gmt":"2020-01-20T10:27:22","slug":"l_614","status":"publish","type":"post","link":"https:\/\/www.lesmaconsdelacreuse.fr\/annuaires\/lettre-l\/l_614\/","title":{"rendered":"LEBLANC David Louis (1876-1924)"},"content":{"rendered":"<p class=\"last-updated\"><strong>Mis \u00e0 jour le :<\/strong> 27\/04\/2026<\/p><h2 style=\"text-align: center;\"><strong>David Louis LEBLANC<\/strong><\/h2>\n<p style=\"text-align: center;\"><strong>David LEBLANC<\/strong><\/p>\n<p style=\"text-align: center;\"><strong>1876 \u2013 1924<\/strong><\/p>\n<h4 style=\"text-align: center;\"><span style=\"color: #008000;\"><strong>ma\u00e7on<\/strong><\/span><\/h4>\n<p style=\"text-align: center;\">n\u00e9 \u00e0 Lavergne (Le Monteil-au-Vicomte)<\/p>\n<p style=\"text-align: center;\">le 13 juin 1876<\/p>\n<p style=\"text-align: center;\">fils de<\/p>\n<p style=\"text-align: center;\">Jean-Baptiste L\u00e9on LEBLANC, <span style=\"color: #008000;\"><strong>ma\u00e7on<\/strong><\/span> et boulanger<\/p>\n<p style=\"text-align: center;\">Jeanne CADROT<\/p>\n<p style=\"text-align: center;\"><span style=\"color: #ffffff;\">\u25d9<\/span><\/p>\n<p><strong>En 1897<\/strong>, <em>David passe le conseil de r\u00e9vision\u00a0; il est ajourn\u00e9 pour faiblesse.<\/em><\/p>\n<p><strong>En 1909<\/strong><em>, il habite <\/em><span style=\"color: #0000ff;\"><strong>\u00c9vry-Petit-Bourg (91)<\/strong><\/span><em>. <\/em><\/p>\n<p>\u25ba<span style=\"color: #000000;\"><strong><a target=\"_blank\"style=\"color: #000000;\" href=\"https:\/\/www.lesmaconsdelacreuse.fr\/annuaires\/\/wp-content\/uploads\/DOCUMENTS\/1912_-_Vente_sur_adjudication_dun_petit_domaine_a_Jeansanas.pdf\">En 1912<\/a><\/strong><\/span>, <em>il est \u00e0 <\/em><span style=\"color: #0000ff;\"><strong>Saint-Maur (94)<\/strong><\/span><em>, o\u00f9 il a habit\u00e9 19, rue Diderot. Il est concern\u00e9 par la vente sur adjudication d\u2019un petit domaine situ\u00e9 \u00e0 Jeansanas, commune de Roy\u00e8re.<\/em><\/p>\n<p><strong>En 1919<\/strong><em>, il est toujours \u00e0 Saint-Maur, et loge rue des Remises.<\/em><\/p>\n<p><em>Il d\u00e9c\u00e8de \u00e0 <\/em><span style=\"color: #0000ff;\"><strong>Reims (51)<\/strong><\/span><em> le 7 juillet <\/em><strong>1924<\/strong><em>, \u00e2g\u00e9 de 48 ans.<\/em><\/p>\n","protected":false},"excerpt":{"rendered":"<p>Mis \u00e0 jour le : 27\/04\/2026David Louis LEBLANC David LEBLANC 1876 \u2013 1924 ma\u00e7on n\u00e9 \u00e0 Lavergne (Le Monteil-au-Vicomte) le 13 juin 1876 fils de Jean-Baptiste L\u00e9on LEBLANC, ma\u00e7on et boulanger Jeanne CADROT \u25d9 En 1897, David passe le conseil de r\u00e9vision\u00a0; il est ajourn\u00e9 pour faiblesse. En 1909, il habite \u00c9vry-Petit-Bourg (91). \u25baEn 1912, ..<\/p>\n<div class=\"clear-fix\"><\/div>\n<p><a href=\"https:\/\/www.lesmaconsdelacreuse.fr\/annuaires\/lettre-l\/l_614\/\" title=\"Lire la suite...\">Lire la suite<\/a><\/p>\n","protected":false},"author":6,"featured_media":0,"comment_status":"closed","ping_status":"closed","sticky":false,"template":"","format":"standard","meta":{"_acf_changed":false,"_exactmetrics_skip_tracking":false,"_exactmetrics_sitenote_active":false,"_exactmetrics_sitenote_note":"","_exactmetrics_sitenote_category":0,"footnotes":""},"categories":[19],"tags":[],"class_list":["post-6515","post","type-post","status-publish","format-standard","hentry","category-lettre-l"],"acf":[],"_links":{"self":[{"href":"https:\/\/www.lesmaconsdelacreuse.fr\/annuaires\/wp-json\/wp\/v2\/posts\/6515","targetHints":{"allow":["GET"]}}],"collection":[{"href":"https:\/\/www.lesmaconsdelacreuse.fr\/annuaires\/wp-json\/wp\/v2\/posts"}],"about":[{"href":"https:\/\/www.lesmaconsdelacreuse.fr\/annuaires\/wp-json\/wp\/v2\/types\/post"}],"author":[{"embeddable":true,"href":"https:\/\/www.lesmaconsdelacreuse.fr\/annuaires\/wp-json\/wp\/v2\/users\/6"}],"replies":[{"embeddable":true,"href":"https:\/\/www.lesmaconsdelacreuse.fr\/annuaires\/wp-json\/wp\/v2\/comments?post=6515"}],"version-history":[{"count":0,"href":"https:\/\/www.lesmaconsdelacreuse.fr\/annuaires\/wp-json\/wp\/v2\/posts\/6515\/revisions"}],"wp:attachment":[{"href":"https:\/\/www.lesmaconsdelacreuse.fr\/annuaires\/wp-json\/wp\/v2\/media?parent=6515"}],"wp:term":[{"taxonomy":"category","embeddable":true,"href":"https:\/\/www.lesmaconsdelacreuse.fr\/annuaires\/wp-json\/wp\/v2\/categories?post=6515"},{"taxonomy":"post_tag","embeddable":true,"href":"https:\/\/www.lesmaconsdelacreuse.fr\/annuaires\/wp-json\/wp\/v2\/tags?post=6515"}],"curies":[{"name":"wp","href":"https:\/\/api.w.org\/{rel}","templated":true}]}}