{"id":6519,"date":"2019-07-28T13:41:12","date_gmt":"2019-07-28T11:41:12","guid":{"rendered":"http:\/\/lesmaconsdelacreuse.fr\/annuaire\/?p=6519"},"modified":"2022-04-09T19:37:21","modified_gmt":"2022-04-09T17:37:21","slug":"l_650","status":"publish","type":"post","link":"https:\/\/www.lesmaconsdelacreuse.fr\/annuaires\/lettre-l\/l_650\/","title":{"rendered":"LEBLANC Jean (1785-1838)"},"content":{"rendered":"<p class=\"last-updated\"><strong>Mis \u00e0 jour le :<\/strong> 27\/04\/2026<\/p><h2 style=\"text-align: center;\"><strong>Jean LEBLANC<\/strong><\/h2>\n<p style=\"text-align: center;\"><strong>1785 \u2013 1838<\/strong><\/p>\n<p style=\"text-align: center;\"><img decoding=\"async\" title=\"\" src=\"https:\/\/lesmaconsdelacreuse.fr\/annuaire\/wp-content\/uploads\/2019\/07\/image1-1606.jpg\" alt=\"\" data-source-id=\"i.0\" data-asset-id=\"6516\" \/><\/p>\n<h4 style=\"text-align: center;\"><span style=\"color: #008000;\"><strong>ma\u00e7on<\/strong><\/span><\/h4>\n<p>&nbsp;<\/p>\n<p style=\"text-align: center;\">n\u00e9 \u00e0 Lachaud (Le Monteil-au-Vicomte)<\/p>\n<p style=\"text-align: center;\">le 20 f\u00e9vrier 1785<\/p>\n<p style=\"text-align: center;\">fils de<\/p>\n<p style=\"text-align: center;\">Annet LEBLANC \/ Jeanne BONNET<\/p>\n<p style=\"text-align: center;\">\u25ba<a href=\"https:\/\/www.lesmaconsdelacreuse.fr\/annuaires\/wp-content\/uploads\/2020\/08\/FERMIER-M\u00c9TAYER.png\" target=\"_blank\" rel=\"noopener noreferrer\"><span style=\"color: #000000;\">m\u00e9tayers<\/span><\/a> et laboureurs<\/p>\n<p style=\"text-align: center;\"><span style=\"color: #ffffff;\">\u25d9<\/span><\/p>\n<p><strong>En 1811<\/strong>, <em>Jean travaille \u00e0 <\/em><span style=\"color: #0000ff;\"><strong>Chagny (71)<\/strong><\/span><em>.<\/em><\/p>\n<p><em> Le 3 juin de la m\u00eame ann\u00e9e, il y \u00e9pouse Claudine <\/em><strong>SEURE<\/strong><em>.<\/em><\/p>\n<p><strong>\u00a0 <\/strong><strong>D\u00e8s 1812<\/strong> <em>et au moins jusqu\u2019en<\/em> <strong>1821<\/strong><em>, ils habitent Chevigny, village de la commune de <\/em><span style=\"color: #0000ff;\"><strong>Vi\u00e9vy (01)<\/strong><\/span><em>.<\/em><\/p>\n<p><em>\u00a0<\/em><em>ls sont ensuite \u00e0 \u00a0<\/em><span style=\"color: #0000ff;\"><strong>Thury (21).<\/strong><\/span><\/p>\n<p><em>\u00a0<\/em><em>Ils y d\u00e9c\u00e8dent :<\/em><\/p>\n<ul>\n<li><i>Jean, manouvrier, le 28 novembre <\/i><strong>1838<\/strong><i>, \u00e2g\u00e9 de 53 ans<\/i><\/li>\n<li><em>Claudine, manouvri\u00e8re, le 16 janvier <\/em><strong>1848<\/strong><em>, \u00e2g\u00e9e de 65 ans<\/em><\/li>\n<\/ul>\n","protected":false},"excerpt":{"rendered":"<p>Mis \u00e0 jour le : 27\/04\/2026Jean LEBLANC 1785 \u2013 1838 ma\u00e7on &nbsp; n\u00e9 \u00e0 Lachaud (Le Monteil-au-Vicomte) le 20 f\u00e9vrier 1785 fils de Annet LEBLANC \/ Jeanne BONNET \u25bam\u00e9tayers et laboureurs \u25d9 En 1811, Jean travaille \u00e0 Chagny (71). Le 3 juin de la m\u00eame ann\u00e9e, il y \u00e9pouse Claudine SEURE. \u00a0 D\u00e8s 1812 et ..<\/p>\n<div class=\"clear-fix\"><\/div>\n<p><a href=\"https:\/\/www.lesmaconsdelacreuse.fr\/annuaires\/lettre-l\/l_650\/\" title=\"Lire la suite...\">Lire la suite<\/a><\/p>\n","protected":false},"author":6,"featured_media":0,"comment_status":"closed","ping_status":"closed","sticky":false,"template":"","format":"standard","meta":{"_acf_changed":false,"_exactmetrics_skip_tracking":false,"_exactmetrics_sitenote_active":false,"_exactmetrics_sitenote_note":"","_exactmetrics_sitenote_category":0,"footnotes":""},"categories":[19],"tags":[],"class_list":["post-6519","post","type-post","status-publish","format-standard","hentry","category-lettre-l"],"acf":[],"_links":{"self":[{"href":"https:\/\/www.lesmaconsdelacreuse.fr\/annuaires\/wp-json\/wp\/v2\/posts\/6519","targetHints":{"allow":["GET"]}}],"collection":[{"href":"https:\/\/www.lesmaconsdelacreuse.fr\/annuaires\/wp-json\/wp\/v2\/posts"}],"about":[{"href":"https:\/\/www.lesmaconsdelacreuse.fr\/annuaires\/wp-json\/wp\/v2\/types\/post"}],"author":[{"embeddable":true,"href":"https:\/\/www.lesmaconsdelacreuse.fr\/annuaires\/wp-json\/wp\/v2\/users\/6"}],"replies":[{"embeddable":true,"href":"https:\/\/www.lesmaconsdelacreuse.fr\/annuaires\/wp-json\/wp\/v2\/comments?post=6519"}],"version-history":[{"count":2,"href":"https:\/\/www.lesmaconsdelacreuse.fr\/annuaires\/wp-json\/wp\/v2\/posts\/6519\/revisions"}],"predecessor-version":[{"id":197336,"href":"https:\/\/www.lesmaconsdelacreuse.fr\/annuaires\/wp-json\/wp\/v2\/posts\/6519\/revisions\/197336"}],"wp:attachment":[{"href":"https:\/\/www.lesmaconsdelacreuse.fr\/annuaires\/wp-json\/wp\/v2\/media?parent=6519"}],"wp:term":[{"taxonomy":"category","embeddable":true,"href":"https:\/\/www.lesmaconsdelacreuse.fr\/annuaires\/wp-json\/wp\/v2\/categories?post=6519"},{"taxonomy":"post_tag","embeddable":true,"href":"https:\/\/www.lesmaconsdelacreuse.fr\/annuaires\/wp-json\/wp\/v2\/tags?post=6519"}],"curies":[{"name":"wp","href":"https:\/\/api.w.org\/{rel}","templated":true}]}}