{"id":6520,"date":"2019-07-28T13:41:12","date_gmt":"2019-07-28T11:41:12","guid":{"rendered":"http:\/\/lesmaconsdelacreuse.fr\/annuaire\/?p=6520"},"modified":"2020-01-20T11:27:21","modified_gmt":"2020-01-20T10:27:21","slug":"l_609","status":"publish","type":"post","link":"https:\/\/www.lesmaconsdelacreuse.fr\/annuaires\/lettre-l\/l_609\/","title":{"rendered":"LEBLANC Armand Gabriel (1873-1945)"},"content":{"rendered":"<p class=\"last-updated\"><strong>Mis \u00e0 jour le :<\/strong> 27\/04\/2026<\/p><h2 style=\"text-align: center;\"><strong>Armand Gabriel LEBLANC<\/strong><\/h2>\n<p style=\"text-align: center;\"><strong>Armand LEBLANC<\/strong><\/p>\n<p style=\"text-align: center;\"><strong>1873 \u2013 1945<\/strong><\/p>\n<p style=\"text-align: center;\"><img decoding=\"async\" title=\"\" src=\"https:\/\/lesmaconsdelacreuse.fr\/annuaire\/wp-content\/uploads\/2019\/07\/image1-1607.jpg\" alt=\"\" data-source-id=\"i.0\" data-asset-id=\"6517\" \/><\/p>\n<h4 style=\"text-align: center;\"><span style=\"color: #008000;\"><strong>ma\u00e7on<\/strong><\/span><\/h4>\n<p style=\"text-align: center;\">n\u00e9 \u00e0 Paris 12e<\/p>\n<p style=\"text-align: center;\">le 28 novembre 1873<\/p>\n<p style=\"text-align: center;\">fils de<\/p>\n<p style=\"text-align: center;\">Louis L\u00e9onard J\u00e9r\u00f4me LEBLANC, <span style=\"color: #008000;\"><strong>entrepreneur de pavage<\/strong><\/span><\/p>\n<p style=\"text-align: center;\">Marie COLAS, cultivatrice<\/p>\n<p style=\"text-align: center;\"><span style=\"color: #ffffff;\">\u25d9<\/span><\/p>\n<p><strong>En 1894<\/strong><em>, Armand domicili\u00e9 \u00e0 Beauvais, commune de Saint-Pierre-le-Bost, avec sa m\u00e8re, passe le conseil de r\u00e9vision \u00e0 <\/em><span style=\"color: #0000ff;\"><strong>Paris (75)<\/strong><\/span><em>.<\/em><\/p>\n<p><strong>En 1898<\/strong><em>, il loge 5, rue Thouin\u00a0;<\/em><\/p>\n<p><strong>en 1904 et 1909<\/strong><em>, rue Tournefort, dans le 5e arrondissement.<\/em><\/p>\n<p><em> Il \u00e9pouse Irma Marie Louise <\/em><strong>JAURAND<\/strong><em> le 6 mars <\/em><strong>1905<\/strong> <em>\u00e0 Chavanat (mari\u00e9s sans contrat).<\/em><\/p>\n<p><em>Il d\u00e9c\u00e8de \u00e0 Paris 16e le 9 mai <\/em><strong>1945<\/strong><em>, \u00e2g\u00e9 de 71 ans. <\/em><\/p>\n","protected":false},"excerpt":{"rendered":"<p>Mis \u00e0 jour le : 27\/04\/2026Armand Gabriel LEBLANC Armand LEBLANC 1873 \u2013 1945 ma\u00e7on n\u00e9 \u00e0 Paris 12e le 28 novembre 1873 fils de Louis L\u00e9onard J\u00e9r\u00f4me LEBLANC, entrepreneur de pavage Marie COLAS, cultivatrice \u25d9 En 1894, Armand domicili\u00e9 \u00e0 Beauvais, commune de Saint-Pierre-le-Bost, avec sa m\u00e8re, passe le conseil de r\u00e9vision \u00e0 Paris (75). ..<\/p>\n<div class=\"clear-fix\"><\/div>\n<p><a href=\"https:\/\/www.lesmaconsdelacreuse.fr\/annuaires\/lettre-l\/l_609\/\" title=\"Lire la suite...\">Lire la suite<\/a><\/p>\n","protected":false},"author":6,"featured_media":0,"comment_status":"closed","ping_status":"closed","sticky":false,"template":"","format":"standard","meta":{"_acf_changed":false,"_exactmetrics_skip_tracking":false,"_exactmetrics_sitenote_active":false,"_exactmetrics_sitenote_note":"","_exactmetrics_sitenote_category":0,"footnotes":""},"categories":[19],"tags":[],"class_list":["post-6520","post","type-post","status-publish","format-standard","hentry","category-lettre-l"],"acf":[],"_links":{"self":[{"href":"https:\/\/www.lesmaconsdelacreuse.fr\/annuaires\/wp-json\/wp\/v2\/posts\/6520","targetHints":{"allow":["GET"]}}],"collection":[{"href":"https:\/\/www.lesmaconsdelacreuse.fr\/annuaires\/wp-json\/wp\/v2\/posts"}],"about":[{"href":"https:\/\/www.lesmaconsdelacreuse.fr\/annuaires\/wp-json\/wp\/v2\/types\/post"}],"author":[{"embeddable":true,"href":"https:\/\/www.lesmaconsdelacreuse.fr\/annuaires\/wp-json\/wp\/v2\/users\/6"}],"replies":[{"embeddable":true,"href":"https:\/\/www.lesmaconsdelacreuse.fr\/annuaires\/wp-json\/wp\/v2\/comments?post=6520"}],"version-history":[{"count":0,"href":"https:\/\/www.lesmaconsdelacreuse.fr\/annuaires\/wp-json\/wp\/v2\/posts\/6520\/revisions"}],"wp:attachment":[{"href":"https:\/\/www.lesmaconsdelacreuse.fr\/annuaires\/wp-json\/wp\/v2\/media?parent=6520"}],"wp:term":[{"taxonomy":"category","embeddable":true,"href":"https:\/\/www.lesmaconsdelacreuse.fr\/annuaires\/wp-json\/wp\/v2\/categories?post=6520"},{"taxonomy":"post_tag","embeddable":true,"href":"https:\/\/www.lesmaconsdelacreuse.fr\/annuaires\/wp-json\/wp\/v2\/tags?post=6520"}],"curies":[{"name":"wp","href":"https:\/\/api.w.org\/{rel}","templated":true}]}}