{"id":6523,"date":"2019-07-28T13:41:11","date_gmt":"2019-07-28T11:41:11","guid":{"rendered":"http:\/\/lesmaconsdelacreuse.fr\/annuaire\/?p=6523"},"modified":"2020-10-16T08:40:19","modified_gmt":"2020-10-16T06:40:19","slug":"l_587","status":"publish","type":"post","link":"https:\/\/www.lesmaconsdelacreuse.fr\/annuaires\/lettre-l\/l_587\/","title":{"rendered":"LAVEIX Jean (1880-1949)"},"content":{"rendered":"<p class=\"last-updated\"><strong>Mis \u00e0 jour le :<\/strong> 27\/04\/2026<\/p><h2 style=\"text-align: center;\"><strong>Jean LAVEIX<\/strong><\/h2>\n<p style=\"text-align: center;\"><strong>1880 \u2013 1949<\/strong><\/p>\n<p style=\"text-align: center;\"><img decoding=\"async\" title=\"\" src=\"https:\/\/lesmaconsdelacreuse.fr\/annuaire\/wp-content\/uploads\/2019\/07\/image1-1608.jpg\" alt=\"\" data-source-id=\"i.0\" data-asset-id=\"6522\" \/><\/p>\n<h4 style=\"text-align: center;\"><span style=\"color: #008000;\"><strong>ma\u00e7on<\/strong><em>, <\/em><strong><em>\u25ba<\/em><a href=\"https:\/\/www.lesmaconsdelacreuse.fr\/annuaires\/\/wp-content\/uploads\/LEXIQUE\/CHEF_DATELIER_-_CHEF_DE_CHANTIER.pdf\" target=\"_blank\" rel=\"noopener noreferrer\"><span style=\"color: #008000;\">chef de chantier<\/span><\/a><\/strong><\/span><\/h4>\n<h4 style=\"text-align: center;\"><span style=\"color: #008000;\"><strong>surveillant de travaux <\/strong><strong>\u00e0 la Compagnie d\u2019\u00c9nergie \u00c9lectrique du Centre<\/strong><\/span><\/h4>\n<p style=\"text-align: center;\"><span style=\"color: #ffffff;\">\u25d9<\/span><\/p>\n<p style=\"text-align: center;\">n\u00e9 \u00e0 Langladure (Roy\u00e8re)<\/p>\n<p style=\"text-align: center;\">le 9 septembre 1880<\/p>\n<p style=\"text-align: center;\">fils de<\/p>\n<p style=\"text-align: center;\">L\u00e9ger LAVEIX, <span style=\"color: #008000;\"><strong>ma\u00e7on<span style=\"color: #000000;\"> \/ <\/span><\/strong><\/span>Marie CANQUE<\/p>\n<p style=\"text-align: center;\">propri\u00e9taires cultivateurs<\/p>\n<p style=\"text-align: center;\"><span style=\"color: #ffffff;\">\u25d9<\/span><\/p>\n<p><strong>En 1901<\/strong><em>, Jean, <\/em><span style=\"color: #008000;\"><strong>ma\u00e7on<\/strong><\/span><em>, travaille dans le <\/em><span style=\"color: #0000ff;\"><strong>Rh\u00f4ne (69)<\/strong><\/span><em> et y passe le conseil de r\u00e9vision.<\/em><\/p>\n<p><em> Il \u00e9pouse Emma No\u00e9mie <\/em><strong>LELARGE<\/strong><em> le 18 janvier <\/em><strong>1906<\/strong><em> \u00e0 Roy\u00e8re (contrat Toumieux). <\/em><\/p>\n<p><strong>En 1907<\/strong><em><strong>,<\/strong> Jean travaille \u00e0 <\/em><span style=\"color: #0000ff;\"><strong>Montlu\u00e7on (03)<\/strong><\/span><em> et loge 59, rue de la R\u00e9publique.<\/em><\/p>\n<p><strong>En 1909<\/strong><em>, le couple est \u00e0 <\/em><strong><span style=\"color: #0000ff;\">Tullins (38)<\/span>\u00a0<\/strong><em>;<\/em><\/p>\n<p><strong>en 1913<\/strong><em>, \u00e0 <\/em><span style=\"color: #0000ff;\"><strong>Villefranque<\/strong> <strong>(64)<\/strong><\/span><em><span style=\"color: #0000ff;\">\u00a0<\/span>;<\/em><\/p>\n<p><strong>en 1914<\/strong><em>, \u00e0 <\/em><span style=\"color: #0000ff;\"><strong>Saint-Vincent-de-Tyrosse (40)<\/strong><\/span><em><span style=\"color: #0000ff;\">\u00a0<\/span>;<\/em><\/p>\n<p><strong>en 1918<\/strong><em> \u00e0 Lyon 17e. <\/em><\/p>\n<p><strong>En 1919<\/strong><em>, Jean est \u00e0 <\/em><span style=\"color: #0000ff;\"><strong>Lille (59)<\/strong><\/span><em>, 83, rue Barth\u00e9l\u00e9my Delespaul\u00a0;<\/em><\/p>\n<p><strong>en 1920<\/strong><em>, \u00e0 <\/em><span style=\"color: #0000ff;\"><strong>Saint-Andr\u00e9-lez-Lille (59)<\/strong><\/span><em>, 9, rue de l\u2019\u00c9glise ;<\/em><\/p>\n<p><strong>en 1921<\/strong><em>, \u00e0 <\/em><span style=\"color: #0000ff;\"><strong>Lourdes (65)<\/strong><\/span><em>, 23, rue de Langelle\u00a0;<\/em><\/p>\n<p><strong>en 1923 et 1924<\/strong><em>, \u00e0 <\/em><span style=\"color: #0000ff;\"><strong>Bayonne (64)<\/strong><\/span><em>, boulevard Jean d\u2019 Amou ;<\/em><\/p>\n<p><strong>en 1925<\/strong><em>, \u00e0 <\/em><span style=\"color: #0000ff;\"><strong>Vierzon (18)<\/strong><\/span><em>, 2 bis, rue du Gros Caillou\u00a0;<\/em><\/p>\n<p><strong>en 1927<\/strong><em>, \u00e0 <\/em><span style=\"color: #0000ff;\"><strong>Cambrai (59)<\/strong><\/span><em>, 69, rue des Capucins. <\/em><\/p>\n<p><strong>En 1930<\/strong><em>, ils sont tous deux dans la commune de <\/em><span style=\"color: #0000ff;\"><strong>Puyo\u00f4 (64)<\/strong><\/span><em> o\u00f9 Jean est <\/em><span style=\"color: #008000;\"><strong>surveillant de travaux \u00e0 la Compagnie d\u2019\u00c9nergie \u00c9lectrique du Centre.<\/strong><\/span><\/p>\n<p><strong>En 1933<\/strong><em>, ils habitent <\/em><span style=\"color: #0000ff;\"><strong>Talence (33)<\/strong><\/span><em>, 44, rue Freycinet.<\/em><\/p>\n<p><em>Ils d\u00e9c\u00e8dent\u00a0:<\/em><\/p>\n<ul>\n<li><em>Jean, \u00e0 Langladure, le 22 septembre <\/em><strong>1949<\/strong><em>, \u00e2g\u00e9 de 69 ans<\/em><\/li>\n<li><em>Emma, \u00e0 Roy\u00e8re, le 20 juillet <\/em><strong>1975<\/strong><em>, \u00e2g\u00e9e de 87 ans<\/em><\/li>\n<\/ul>\n","protected":false},"excerpt":{"rendered":"<p>Mis \u00e0 jour le : 27\/04\/2026Jean LAVEIX 1880 \u2013 1949 ma\u00e7on, \u25bachef de chantier surveillant de travaux \u00e0 la Compagnie d\u2019\u00c9nergie \u00c9lectrique du Centre \u25d9 n\u00e9 \u00e0 Langladure (Roy\u00e8re) le 9 septembre 1880 fils de L\u00e9ger LAVEIX, ma\u00e7on \/ Marie CANQUE propri\u00e9taires cultivateurs \u25d9 En 1901, Jean, ma\u00e7on, travaille dans le Rh\u00f4ne (69) et y ..<\/p>\n<div class=\"clear-fix\"><\/div>\n<p><a href=\"https:\/\/www.lesmaconsdelacreuse.fr\/annuaires\/lettre-l\/l_587\/\" title=\"Lire la suite...\">Lire la suite<\/a><\/p>\n","protected":false},"author":6,"featured_media":0,"comment_status":"closed","ping_status":"closed","sticky":false,"template":"","format":"standard","meta":{"_acf_changed":false,"_exactmetrics_skip_tracking":false,"_exactmetrics_sitenote_active":false,"_exactmetrics_sitenote_note":"","_exactmetrics_sitenote_category":0,"footnotes":""},"categories":[19],"tags":[],"class_list":["post-6523","post","type-post","status-publish","format-standard","hentry","category-lettre-l"],"acf":[],"_links":{"self":[{"href":"https:\/\/www.lesmaconsdelacreuse.fr\/annuaires\/wp-json\/wp\/v2\/posts\/6523","targetHints":{"allow":["GET"]}}],"collection":[{"href":"https:\/\/www.lesmaconsdelacreuse.fr\/annuaires\/wp-json\/wp\/v2\/posts"}],"about":[{"href":"https:\/\/www.lesmaconsdelacreuse.fr\/annuaires\/wp-json\/wp\/v2\/types\/post"}],"author":[{"embeddable":true,"href":"https:\/\/www.lesmaconsdelacreuse.fr\/annuaires\/wp-json\/wp\/v2\/users\/6"}],"replies":[{"embeddable":true,"href":"https:\/\/www.lesmaconsdelacreuse.fr\/annuaires\/wp-json\/wp\/v2\/comments?post=6523"}],"version-history":[{"count":0,"href":"https:\/\/www.lesmaconsdelacreuse.fr\/annuaires\/wp-json\/wp\/v2\/posts\/6523\/revisions"}],"wp:attachment":[{"href":"https:\/\/www.lesmaconsdelacreuse.fr\/annuaires\/wp-json\/wp\/v2\/media?parent=6523"}],"wp:term":[{"taxonomy":"category","embeddable":true,"href":"https:\/\/www.lesmaconsdelacreuse.fr\/annuaires\/wp-json\/wp\/v2\/categories?post=6523"},{"taxonomy":"post_tag","embeddable":true,"href":"https:\/\/www.lesmaconsdelacreuse.fr\/annuaires\/wp-json\/wp\/v2\/tags?post=6523"}],"curies":[{"name":"wp","href":"https:\/\/api.w.org\/{rel}","templated":true}]}}