{"id":6530,"date":"2019-07-28T13:41:11","date_gmt":"2019-07-28T11:41:11","guid":{"rendered":"http:\/\/lesmaconsdelacreuse.fr\/annuaire\/?p=6530"},"modified":"2020-02-11T12:20:28","modified_gmt":"2020-02-11T11:20:28","slug":"l_577","status":"publish","type":"post","link":"https:\/\/www.lesmaconsdelacreuse.fr\/annuaires\/lettre-l\/l_577\/","title":{"rendered":"LAVAUD Fran\u00e7ois (1845-apr\u00e8s 1898)"},"content":{"rendered":"<p class=\"last-updated\"><strong>Mis \u00e0 jour le :<\/strong> 27\/04\/2026<\/p><h2 style=\"text-align: center;\"><strong>Fran\u00e7ois LAVAUD<\/strong><\/h2>\n<p style=\"text-align: center;\"><strong>1845 \u2013 apr\u00e8s 1898<\/strong><\/p>\n<p style=\"text-align: center;\"><img decoding=\"async\" title=\"\" src=\"https:\/\/lesmaconsdelacreuse.fr\/annuaire\/wp-content\/uploads\/2019\/07\/image1-1611.jpg\" alt=\"\" data-source-id=\"i.0\" data-asset-id=\"6528\" \/><\/p>\n<h4 style=\"text-align: center;\"><span style=\"color: #008000;\"><strong>ma\u00e7on<\/strong><\/span><\/h4>\n<p style=\"text-align: center;\">n\u00e9 au Tourtoulloux (Saint-Martin-Ch\u00e2teau)<\/p>\n<p style=\"text-align: center;\">le 12 avril 1845<\/p>\n<p style=\"text-align: center;\">fils de<\/p>\n<p style=\"text-align: center;\">Joseph LAVAUD \/ Catherine Th\u00e9r\u00e8se P\u00c9CHALAT<\/p>\n<p style=\"text-align: center;\">cultivateurs<\/p>\n<p style=\"text-align: center;\"><span style=\"color: #ffffff;\">\u25d9<\/span><\/p>\n<p><em>Fran\u00e7ois \u00e9pouse Catherine <\/em><strong>COULAUD<\/strong><em> le 27 d\u00e9cembre <\/em><strong>1866<\/strong><em> \u00e0 Saint-Junien-la-Breg\u00e8re (mari\u00e9s sans contrat)\u00a0; il ne sait pas encore signer. Ils habitent d\u2019abord La Villatte, commune de Saint-Junien.<\/em><\/p>\n<p><strong>D\u00e8s 1871<\/strong><em>, ils sont \u00e0 <\/em><span style=\"color: #0000ff;\"><strong>Lyon (69)<\/strong><\/span><em> 3e\u00a0arrondissement\u00a0;<\/em><\/p>\n<p><strong>en 1873<\/strong><em>, 16, rue Alexandre, dans le 2e.<\/em><\/p>\n<p><em>Catherine d\u00e9c\u00e8de \u00e0 \u25ba<a target=\"_blank\"href=\"https:\/\/www.lesmaconsdelacreuse.fr\/annuaires\/\/wp-content\/uploads\/PHOTOS_-_CARTES_POSTALES\/\/LYON_-_Hopital_de_lHotel-Dieu.jpg\">l\u2019H\u00f4tel-Dieu<\/a>, le 10 d\u00e9cembre de la m\u00eame ann\u00e9e, \u00e2g\u00e9e de 27 ans\u00a0. <\/em><\/p>\n<p><strong>En 1898<\/strong><em>, Fran\u00e7ois habite <\/em><span style=\"color: #0000ff;\"><strong>Saint-Bonnet-de-Mure (69)<\/strong><\/span><em>, \u00e0 cette \u00e9poque en Is\u00e8re.<\/em><\/p>\n","protected":false},"excerpt":{"rendered":"<p>Mis \u00e0 jour le : 27\/04\/2026Fran\u00e7ois LAVAUD 1845 \u2013 apr\u00e8s 1898 ma\u00e7on n\u00e9 au Tourtoulloux (Saint-Martin-Ch\u00e2teau) le 12 avril 1845 fils de Joseph LAVAUD \/ Catherine Th\u00e9r\u00e8se P\u00c9CHALAT cultivateurs \u25d9 Fran\u00e7ois \u00e9pouse Catherine COULAUD le 27 d\u00e9cembre 1866 \u00e0 Saint-Junien-la-Breg\u00e8re (mari\u00e9s sans contrat)\u00a0; il ne sait pas encore signer. Ils habitent d\u2019abord La Villatte, commune ..<\/p>\n<div class=\"clear-fix\"><\/div>\n<p><a href=\"https:\/\/www.lesmaconsdelacreuse.fr\/annuaires\/lettre-l\/l_577\/\" title=\"Lire la suite...\">Lire la suite<\/a><\/p>\n","protected":false},"author":6,"featured_media":0,"comment_status":"closed","ping_status":"closed","sticky":false,"template":"","format":"standard","meta":{"_acf_changed":false,"_exactmetrics_skip_tracking":false,"_exactmetrics_sitenote_active":false,"_exactmetrics_sitenote_note":"","_exactmetrics_sitenote_category":0,"footnotes":""},"categories":[19],"tags":[],"class_list":["post-6530","post","type-post","status-publish","format-standard","hentry","category-lettre-l"],"acf":[],"_links":{"self":[{"href":"https:\/\/www.lesmaconsdelacreuse.fr\/annuaires\/wp-json\/wp\/v2\/posts\/6530","targetHints":{"allow":["GET"]}}],"collection":[{"href":"https:\/\/www.lesmaconsdelacreuse.fr\/annuaires\/wp-json\/wp\/v2\/posts"}],"about":[{"href":"https:\/\/www.lesmaconsdelacreuse.fr\/annuaires\/wp-json\/wp\/v2\/types\/post"}],"author":[{"embeddable":true,"href":"https:\/\/www.lesmaconsdelacreuse.fr\/annuaires\/wp-json\/wp\/v2\/users\/6"}],"replies":[{"embeddable":true,"href":"https:\/\/www.lesmaconsdelacreuse.fr\/annuaires\/wp-json\/wp\/v2\/comments?post=6530"}],"version-history":[{"count":0,"href":"https:\/\/www.lesmaconsdelacreuse.fr\/annuaires\/wp-json\/wp\/v2\/posts\/6530\/revisions"}],"wp:attachment":[{"href":"https:\/\/www.lesmaconsdelacreuse.fr\/annuaires\/wp-json\/wp\/v2\/media?parent=6530"}],"wp:term":[{"taxonomy":"category","embeddable":true,"href":"https:\/\/www.lesmaconsdelacreuse.fr\/annuaires\/wp-json\/wp\/v2\/categories?post=6530"},{"taxonomy":"post_tag","embeddable":true,"href":"https:\/\/www.lesmaconsdelacreuse.fr\/annuaires\/wp-json\/wp\/v2\/tags?post=6530"}],"curies":[{"name":"wp","href":"https:\/\/api.w.org\/{rel}","templated":true}]}}