{"id":6533,"date":"2019-07-28T13:41:11","date_gmt":"2019-07-28T11:41:11","guid":{"rendered":"http:\/\/lesmaconsdelacreuse.fr\/annuaire\/?p=6533"},"modified":"2022-12-11T15:04:54","modified_gmt":"2022-12-11T14:04:54","slug":"l_584","status":"publish","type":"post","link":"https:\/\/www.lesmaconsdelacreuse.fr\/annuaires\/lettre-l\/l_584\/","title":{"rendered":"LAVAUD L\u00e9onard (vers 1644-1698)"},"content":{"rendered":"<p class=\"last-updated\"><strong>Mis \u00e0 jour le :<\/strong> 27\/04\/2026<\/p><h2 style=\"text-align: center;\"><strong>L\u00e9onard LAVAUD<\/strong><\/h2>\n<p style=\"text-align: center;\"><strong>L\u00e9onard LAVAUD l\u2019a\u00een\u00e9<\/strong><\/p>\n<p style=\"text-align: center;\"><strong>vers 1644 &#8211; 1698<\/strong><\/p>\n<p style=\"text-align: center;\"><img decoding=\"async\" title=\"\" src=\"https:\/\/lesmaconsdelacreuse.fr\/annuaire\/wp-content\/uploads\/2019\/07\/image1-1613.jpg\" alt=\"\" data-source-id=\"i.0\" data-asset-id=\"6532\" \/><\/p>\n<h4 style=\"text-align: center;\"><span style=\"color: #008000;\"><strong>ma\u00e7on <\/strong>et<strong> laboureur<\/strong><\/span><\/h4>\n<p style=\"text-align: center;\">de Boussac (Saint-Martin-Ch\u00e2teau)<\/p>\n<p style=\"text-align: center;\"><span style=\"color: #ffffff;\">\u25d9<\/span><\/p>\n<p><em>L\u00e9onard \u00e9pouse Anne <\/em><strong>GANNOT<\/strong> <strong>avant 1669<\/strong><em>. Ils habitent Boussac.<\/em><\/p>\n<p><em>Ils y d\u00e9c\u00e8dent\u00a0:<\/em><\/p>\n<ul>\n<li><em>L\u00e9onard, le 25 ao\u00fbt <\/em><strong>1698<\/strong><em>, \u00e2g\u00e9 de 54 ans environ<\/em><\/li>\n<li><em>Anne, le 13 d\u00e9cembre <\/em><strong>1702<\/strong><em>, \u00e2g\u00e9e de 55 ans environ<br \/>\n<\/em>S17<\/li>\n<\/ul>\n","protected":false},"excerpt":{"rendered":"<p>Mis \u00e0 jour le : 27\/04\/2026L\u00e9onard LAVAUD L\u00e9onard LAVAUD l\u2019a\u00een\u00e9 vers 1644 &#8211; 1698 ma\u00e7on et laboureur de Boussac (Saint-Martin-Ch\u00e2teau) \u25d9 L\u00e9onard \u00e9pouse Anne GANNOT avant 1669. Ils habitent Boussac. Ils y d\u00e9c\u00e8dent\u00a0: L\u00e9onard, le 25 ao\u00fbt 1698, \u00e2g\u00e9 de 54 ans environ Anne, le 13 d\u00e9cembre 1702, \u00e2g\u00e9e de 55 ans e..<\/p>\n<div class=\"clear-fix\"><\/div>\n<p><a href=\"https:\/\/www.lesmaconsdelacreuse.fr\/annuaires\/lettre-l\/l_584\/\" title=\"Lire la suite...\">Lire la suite<\/a><\/p>\n","protected":false},"author":6,"featured_media":0,"comment_status":"closed","ping_status":"closed","sticky":false,"template":"","format":"standard","meta":{"_acf_changed":false,"_exactmetrics_skip_tracking":false,"_exactmetrics_sitenote_active":false,"_exactmetrics_sitenote_note":"","_exactmetrics_sitenote_category":0,"footnotes":""},"categories":[19],"tags":[],"class_list":["post-6533","post","type-post","status-publish","format-standard","hentry","category-lettre-l"],"acf":[],"_links":{"self":[{"href":"https:\/\/www.lesmaconsdelacreuse.fr\/annuaires\/wp-json\/wp\/v2\/posts\/6533","targetHints":{"allow":["GET"]}}],"collection":[{"href":"https:\/\/www.lesmaconsdelacreuse.fr\/annuaires\/wp-json\/wp\/v2\/posts"}],"about":[{"href":"https:\/\/www.lesmaconsdelacreuse.fr\/annuaires\/wp-json\/wp\/v2\/types\/post"}],"author":[{"embeddable":true,"href":"https:\/\/www.lesmaconsdelacreuse.fr\/annuaires\/wp-json\/wp\/v2\/users\/6"}],"replies":[{"embeddable":true,"href":"https:\/\/www.lesmaconsdelacreuse.fr\/annuaires\/wp-json\/wp\/v2\/comments?post=6533"}],"version-history":[{"count":2,"href":"https:\/\/www.lesmaconsdelacreuse.fr\/annuaires\/wp-json\/wp\/v2\/posts\/6533\/revisions"}],"predecessor-version":[{"id":202925,"href":"https:\/\/www.lesmaconsdelacreuse.fr\/annuaires\/wp-json\/wp\/v2\/posts\/6533\/revisions\/202925"}],"wp:attachment":[{"href":"https:\/\/www.lesmaconsdelacreuse.fr\/annuaires\/wp-json\/wp\/v2\/media?parent=6533"}],"wp:term":[{"taxonomy":"category","embeddable":true,"href":"https:\/\/www.lesmaconsdelacreuse.fr\/annuaires\/wp-json\/wp\/v2\/categories?post=6533"},{"taxonomy":"post_tag","embeddable":true,"href":"https:\/\/www.lesmaconsdelacreuse.fr\/annuaires\/wp-json\/wp\/v2\/tags?post=6533"}],"curies":[{"name":"wp","href":"https:\/\/api.w.org\/{rel}","templated":true}]}}