{"id":6537,"date":"2019-07-28T13:41:10","date_gmt":"2019-07-28T11:41:10","guid":{"rendered":"http:\/\/lesmaconsdelacreuse.fr\/annuaire\/?p=6537"},"modified":"2020-01-20T11:27:24","modified_gmt":"2020-01-20T10:27:24","slug":"l_578","status":"publish","type":"post","link":"https:\/\/www.lesmaconsdelacreuse.fr\/annuaires\/lettre-l\/l_578\/","title":{"rendered":"LAVAUD Fran\u00e7ois (1863-1941)"},"content":{"rendered":"<p class=\"last-updated\"><strong>Mis \u00e0 jour le :<\/strong> 27\/04\/2026<\/p><h2 style=\"text-align: center;\"><strong>Fran\u00e7ois LAVAUD<\/strong><\/h2>\n<p style=\"text-align: center;\"><strong>1863 \u2013 1941<\/strong><\/p>\n<p style=\"text-align: center;\"><img loading=\"lazy\" decoding=\"async\" class=\"\" title=\"\" src=\"https:\/\/lesmaconsdelacreuse.fr\/annuaire\/wp-content\/uploads\/2019\/07\/image1-1615.jpg\" alt=\"\" width=\"221\" height=\"89\" data-source-id=\"i.0\" data-asset-id=\"6536\" \/><\/p>\n<h4 style=\"text-align: center;\"><span style=\"color: #008000;\"><strong>ma\u00e7on<\/strong><\/span><\/h4>\n<p style=\"text-align: center;\">n\u00e9 \u00e0 La Villatte (Saint-Junien-la-Breg\u00e8re)<\/p>\n<p style=\"text-align: center;\">le 15 octobre 1863<\/p>\n<p style=\"text-align: center;\">fils de<\/p>\n<p style=\"text-align: center;\">Antoine LAVAUD,<span style=\"color: #008000;\"><strong> ma\u00e7on<\/strong><\/span><\/p>\n<p style=\"text-align: center;\">Marie P\u00c9CHALAT, cultivatrice<\/p>\n<p style=\"text-align: center;\"><span style=\"color: #ffffff;\">\u25d9<\/span><\/p>\n<p><strong>En 1887 et 1889<\/strong><em>, Fran\u00e7ois r\u00e9side \u00e0 <\/em><span style=\"color: #0000ff;\"><strong>Lyon (69)<\/strong><\/span><em>, 1, rue Tourret.<\/em><\/p>\n<p><em> Il \u00e9pouse Marie <\/em><strong>GIRAUDON<\/strong><em> le 20 mars <\/em><strong>1890<\/strong><em> \u00e0 Saint-Junien (contrat Berger \u00e0 Bourganeuf). Ils habitent Lestrade. <\/em><\/p>\n<p><strong>En 1892<\/strong><em>, Fran\u00e7ois est \u00e0 <\/em><span style=\"color: #0000ff;\"><strong>Chaponost (69)<\/strong><\/span><em>. <\/em><\/p>\n<p><em>Il d\u00e9c\u00e8de \u00e0 Lestrade, commune de Saint-Junien, le 27 ao\u00fbt <\/em><strong>1941<\/strong><em>, \u00e2g\u00e9 de 77 ans. <\/em><\/p>\n","protected":false},"excerpt":{"rendered":"<p>Mis \u00e0 jour le : 27\/04\/2026Fran\u00e7ois LAVAUD 1863 \u2013 1941 ma\u00e7on n\u00e9 \u00e0 La Villatte (Saint-Junien-la-Breg\u00e8re) le 15 octobre 1863 fils de Antoine LAVAUD, ma\u00e7on Marie P\u00c9CHALAT, cultivatrice \u25d9 En 1887 et 1889, Fran\u00e7ois r\u00e9side \u00e0 Lyon (69), 1, rue Tourret. Il \u00e9pouse Marie GIRAUDON le 20 mars 1890 \u00e0 Saint-Junien (contrat Berger \u00e0 Bourganeuf). ..<\/p>\n<div class=\"clear-fix\"><\/div>\n<p><a href=\"https:\/\/www.lesmaconsdelacreuse.fr\/annuaires\/lettre-l\/l_578\/\" title=\"Lire la suite...\">Lire la suite<\/a><\/p>\n","protected":false},"author":6,"featured_media":0,"comment_status":"closed","ping_status":"closed","sticky":false,"template":"","format":"standard","meta":{"_acf_changed":false,"_exactmetrics_skip_tracking":false,"_exactmetrics_sitenote_active":false,"_exactmetrics_sitenote_note":"","_exactmetrics_sitenote_category":0,"footnotes":""},"categories":[19],"tags":[],"class_list":["post-6537","post","type-post","status-publish","format-standard","hentry","category-lettre-l"],"acf":[],"_links":{"self":[{"href":"https:\/\/www.lesmaconsdelacreuse.fr\/annuaires\/wp-json\/wp\/v2\/posts\/6537","targetHints":{"allow":["GET"]}}],"collection":[{"href":"https:\/\/www.lesmaconsdelacreuse.fr\/annuaires\/wp-json\/wp\/v2\/posts"}],"about":[{"href":"https:\/\/www.lesmaconsdelacreuse.fr\/annuaires\/wp-json\/wp\/v2\/types\/post"}],"author":[{"embeddable":true,"href":"https:\/\/www.lesmaconsdelacreuse.fr\/annuaires\/wp-json\/wp\/v2\/users\/6"}],"replies":[{"embeddable":true,"href":"https:\/\/www.lesmaconsdelacreuse.fr\/annuaires\/wp-json\/wp\/v2\/comments?post=6537"}],"version-history":[{"count":0,"href":"https:\/\/www.lesmaconsdelacreuse.fr\/annuaires\/wp-json\/wp\/v2\/posts\/6537\/revisions"}],"wp:attachment":[{"href":"https:\/\/www.lesmaconsdelacreuse.fr\/annuaires\/wp-json\/wp\/v2\/media?parent=6537"}],"wp:term":[{"taxonomy":"category","embeddable":true,"href":"https:\/\/www.lesmaconsdelacreuse.fr\/annuaires\/wp-json\/wp\/v2\/categories?post=6537"},{"taxonomy":"post_tag","embeddable":true,"href":"https:\/\/www.lesmaconsdelacreuse.fr\/annuaires\/wp-json\/wp\/v2\/tags?post=6537"}],"curies":[{"name":"wp","href":"https:\/\/api.w.org\/{rel}","templated":true}]}}