{"id":6540,"date":"2019-07-28T13:41:10","date_gmt":"2019-07-28T11:41:10","guid":{"rendered":"http:\/\/lesmaconsdelacreuse.fr\/annuaire\/?p=6540"},"modified":"2020-01-20T11:27:24","modified_gmt":"2020-01-20T10:27:24","slug":"l_583","status":"publish","type":"post","link":"https:\/\/www.lesmaconsdelacreuse.fr\/annuaires\/lettre-l\/l_583\/","title":{"rendered":"LAVAUD Jean-Baptiste (1852-1932)"},"content":{"rendered":"<p class=\"last-updated\"><strong>Mis \u00e0 jour le :<\/strong> 27\/04\/2026<\/p><h2 style=\"text-align: center;\"><strong>Jean-Baptiste LAVAUD<\/strong><\/h2>\n<p style=\"text-align: center;\"><strong>1852 \u2013 1932<\/strong><\/p>\n<p style=\"text-align: center;\"><img decoding=\"async\" title=\"\" src=\"https:\/\/lesmaconsdelacreuse.fr\/annuaire\/wp-content\/uploads\/2019\/07\/image1-1616.jpg\" alt=\"\" data-source-id=\"i.0\" data-asset-id=\"6538\" \/><\/p>\n<h4 style=\"text-align: center;\"><span style=\"color: #008000;\"><strong>ma\u00e7on <\/strong>et<strong> cultivateur<\/strong><\/span><\/h4>\n<p style=\"text-align: center;\">n\u00e9 \u00e0 Villemaine (Saint-Pardoux-Lavaud)<\/p>\n<p style=\"text-align: center;\">le 4 octobre 1852<\/p>\n<p style=\"text-align: center;\">fils de<\/p>\n<p style=\"text-align: center;\">Fran\u00e7ois LAVAUD,<span style=\"color: #008000;\"><strong> ma\u00e7on <\/strong><\/span><strong>\/ <\/strong>Jeanne CABLANT<\/p>\n<p style=\"text-align: center;\">propri\u00e9taires cultivateurs<\/p>\n<p style=\"text-align: center;\"><span style=\"color: #ffffff;\">\u25d9<\/span><\/p>\n<p><strong>En 1873<\/strong><em>, Jean-Baptiste est d\u00e9clar\u00e9 propre au service, bien que soutien de famille.<\/em><\/p>\n<p><em>Il \u00e9pouse Marie <\/em><strong>CHOPINAUD <\/strong><em>le 6 f\u00e9vrier <\/em><strong>1875<\/strong><em> \u00e0 Saint-Pardoux (contrat Va\u00efsse \u00e0 Bourganeuf). <\/em><\/p>\n<p><strong>En 1878 et 1882<\/strong><em>, ils sont \u00e0 <\/em><span style=\"color: #0000ff;\"><strong>Oullins (69)<\/strong><\/span><em>.<\/em><\/p>\n<p><strong>En 1880<\/strong><em>, Jean-Baptiste est r\u00e9form\u00e9 par la commission sp\u00e9ciale de le Subdivision de Limoges\u00a0; il souffre d\u2019une grave cataracte traumatique, \u00e0 cause d\u2019un accident survenu vers d\u00e9cembre 1879, par un \u00e9clat de pierre.<\/em><\/p>\n<p><em>Les \u00e9poux d\u00e9c\u00e8dent tous deux au bourg de Saint-Pardoux-Lavaud\u00a0:<\/em><\/p>\n<ul>\n<li><em>Marie, le 3 janvier <\/em><strong>1910<\/strong><em>, \u00e2g\u00e9e de 54 ans<\/em><\/li>\n<li><em>Jean-Baptiste, le 5 mai <\/em><strong>1932<\/strong><em>, \u00e2g\u00e9 de 79 ans<\/em><\/li>\n<\/ul>\n","protected":false},"excerpt":{"rendered":"<p>Mis \u00e0 jour le : 27\/04\/2026Jean-Baptiste LAVAUD 1852 \u2013 1932 ma\u00e7on et cultivateur n\u00e9 \u00e0 Villemaine (Saint-Pardoux-Lavaud) le 4 octobre 1852 fils de Fran\u00e7ois LAVAUD, ma\u00e7on \/ Jeanne CABLANT propri\u00e9taires cultivateurs \u25d9 En 1873, Jean-Baptiste est d\u00e9clar\u00e9 propre au service, bien que soutien de famille. Il \u00e9pouse Marie CHOPINAUD le 6 f\u00e9vrier 1875 \u00e0 Saint-Pardoux ..<\/p>\n<div class=\"clear-fix\"><\/div>\n<p><a href=\"https:\/\/www.lesmaconsdelacreuse.fr\/annuaires\/lettre-l\/l_583\/\" title=\"Lire la suite...\">Lire la suite<\/a><\/p>\n","protected":false},"author":6,"featured_media":0,"comment_status":"closed","ping_status":"closed","sticky":false,"template":"","format":"standard","meta":{"_acf_changed":false,"_exactmetrics_skip_tracking":false,"_exactmetrics_sitenote_active":false,"_exactmetrics_sitenote_note":"","_exactmetrics_sitenote_category":0,"footnotes":""},"categories":[19],"tags":[],"class_list":["post-6540","post","type-post","status-publish","format-standard","hentry","category-lettre-l"],"acf":[],"_links":{"self":[{"href":"https:\/\/www.lesmaconsdelacreuse.fr\/annuaires\/wp-json\/wp\/v2\/posts\/6540","targetHints":{"allow":["GET"]}}],"collection":[{"href":"https:\/\/www.lesmaconsdelacreuse.fr\/annuaires\/wp-json\/wp\/v2\/posts"}],"about":[{"href":"https:\/\/www.lesmaconsdelacreuse.fr\/annuaires\/wp-json\/wp\/v2\/types\/post"}],"author":[{"embeddable":true,"href":"https:\/\/www.lesmaconsdelacreuse.fr\/annuaires\/wp-json\/wp\/v2\/users\/6"}],"replies":[{"embeddable":true,"href":"https:\/\/www.lesmaconsdelacreuse.fr\/annuaires\/wp-json\/wp\/v2\/comments?post=6540"}],"version-history":[{"count":0,"href":"https:\/\/www.lesmaconsdelacreuse.fr\/annuaires\/wp-json\/wp\/v2\/posts\/6540\/revisions"}],"wp:attachment":[{"href":"https:\/\/www.lesmaconsdelacreuse.fr\/annuaires\/wp-json\/wp\/v2\/media?parent=6540"}],"wp:term":[{"taxonomy":"category","embeddable":true,"href":"https:\/\/www.lesmaconsdelacreuse.fr\/annuaires\/wp-json\/wp\/v2\/categories?post=6540"},{"taxonomy":"post_tag","embeddable":true,"href":"https:\/\/www.lesmaconsdelacreuse.fr\/annuaires\/wp-json\/wp\/v2\/tags?post=6540"}],"curies":[{"name":"wp","href":"https:\/\/api.w.org\/{rel}","templated":true}]}}