{"id":6547,"date":"2019-07-28T13:41:10","date_gmt":"2019-07-28T11:41:10","guid":{"rendered":"http:\/\/lesmaconsdelacreuse.fr\/annuaire\/?p=6547"},"modified":"2020-10-04T09:49:00","modified_gmt":"2020-10-04T07:49:00","slug":"l_590","status":"publish","type":"post","link":"https:\/\/www.lesmaconsdelacreuse.fr\/annuaires\/lettre-l\/l_590\/","title":{"rendered":"LAVIGNE Arnaud (1853-1884)"},"content":{"rendered":"<p class=\"last-updated\"><strong>Mis \u00e0 jour le :<\/strong> 27\/04\/2026<\/p><h2 style=\"text-align: center;\"><strong>Arnaud LAVIGNE<\/strong><\/h2>\n<p style=\"text-align: center;\"><strong>1853 \u2013 1884<\/strong><\/p>\n<p style=\"text-align: center;\"><img decoding=\"async\" title=\"\" src=\"https:\/\/lesmaconsdelacreuse.fr\/annuaire\/wp-content\/uploads\/2019\/07\/image1-1620.jpg\" alt=\"\" data-source-id=\"i.0\" data-asset-id=\"6546\" \/><\/p>\n<h4 style=\"text-align: center;\"><span style=\"color: #008000;\"><strong>ma\u00e7on<\/strong> et\u00a0<strong><em>\u25ba<a href=\"https:\/\/www.lesmaconsdelacreuse.fr\/annuaires\/wp-content\/uploads\/2020\/07\/FUMISTE.png\" target=\"_blank\" rel=\"noopener noreferrer\"><span style=\"color: #008000;\">fumiste<\/span><\/a><\/em><\/strong><\/span><\/h4>\n<p>&nbsp;<\/p>\n<p style=\"text-align: center;\">n\u00e9 au Villard (Roy\u00e8re)<\/p>\n<p style=\"text-align: center;\">le 2 octobre 1853<\/p>\n<p style=\"text-align: center;\">fils de<\/p>\n<p style=\"text-align: center;\">Jean LAVIGNE, <span style=\"color: #008000;\"><strong>ma\u00e7on<\/strong><\/span><\/p>\n<p style=\"text-align: center;\">Jeanne BOURDELEIX, femme de chambre<\/p>\n<p style=\"text-align: center;\"><span style=\"color: #ffffff;\">\u25d9<\/span><\/p>\n<p><strong>En 1876<\/strong><em>, Arnaud travaille \u00e0 <\/em><strong><span style=\"color: #0000ff;\">Lyon (69<\/span>)<\/strong><em> et loge 55, rue Grol\u00e9e.<\/em><\/p>\n<p><em>Il \u00e9pouse \u00e0 Lyon 2e le 26 ao\u00fbt de la m\u00eame ann\u00e9e Anne Pauline <\/em><strong>ROCHEFORT<\/strong><em>, tailleuse n\u00e9e dans le Puy-de-D\u00f4me (mari\u00e9s sans contrat). <\/em><\/p>\n<p><strong>De 1881<\/strong> au moins,<strong> \u00e0 1884<\/strong><em>, les \u00e9poux habitent 42, rue Grol\u00e9e.<\/em><\/p>\n<p><em>Arnaud d\u00e9c\u00e8de le 2 avril <\/em><strong>1884<\/strong><em> \u00e0 Lyon 2e , \u00e2g\u00e9 de 30 ans. Un proc\u00e8s-verbal du d\u00e9c\u00e8s est dress\u00e9 par le commissaire de police du quartier de la Bourse.<\/em><\/p>\n<p>&nbsp;<\/p>\n","protected":false},"excerpt":{"rendered":"<p>Mis \u00e0 jour le : 27\/04\/2026Arnaud LAVIGNE 1853 \u2013 1884 ma\u00e7on et\u00a0\u25bafumiste &nbsp; n\u00e9 au Villard (Roy\u00e8re) le 2 octobre 1853 fils de Jean LAVIGNE, ma\u00e7on Jeanne BOURDELEIX, femme de chambre \u25d9 En 1876, Arnaud travaille \u00e0 Lyon (69) et loge 55, rue Grol\u00e9e. Il \u00e9pouse \u00e0 Lyon 2e le 26 ao\u00fbt de la m\u00eame ..<\/p>\n<div class=\"clear-fix\"><\/div>\n<p><a href=\"https:\/\/www.lesmaconsdelacreuse.fr\/annuaires\/lettre-l\/l_590\/\" title=\"Lire la suite...\">Lire la suite<\/a><\/p>\n","protected":false},"author":6,"featured_media":0,"comment_status":"closed","ping_status":"closed","sticky":false,"template":"","format":"standard","meta":{"_acf_changed":false,"_exactmetrics_skip_tracking":false,"_exactmetrics_sitenote_active":false,"_exactmetrics_sitenote_note":"","_exactmetrics_sitenote_category":0,"footnotes":""},"categories":[19],"tags":[],"class_list":["post-6547","post","type-post","status-publish","format-standard","hentry","category-lettre-l"],"acf":[],"_links":{"self":[{"href":"https:\/\/www.lesmaconsdelacreuse.fr\/annuaires\/wp-json\/wp\/v2\/posts\/6547","targetHints":{"allow":["GET"]}}],"collection":[{"href":"https:\/\/www.lesmaconsdelacreuse.fr\/annuaires\/wp-json\/wp\/v2\/posts"}],"about":[{"href":"https:\/\/www.lesmaconsdelacreuse.fr\/annuaires\/wp-json\/wp\/v2\/types\/post"}],"author":[{"embeddable":true,"href":"https:\/\/www.lesmaconsdelacreuse.fr\/annuaires\/wp-json\/wp\/v2\/users\/6"}],"replies":[{"embeddable":true,"href":"https:\/\/www.lesmaconsdelacreuse.fr\/annuaires\/wp-json\/wp\/v2\/comments?post=6547"}],"version-history":[{"count":0,"href":"https:\/\/www.lesmaconsdelacreuse.fr\/annuaires\/wp-json\/wp\/v2\/posts\/6547\/revisions"}],"wp:attachment":[{"href":"https:\/\/www.lesmaconsdelacreuse.fr\/annuaires\/wp-json\/wp\/v2\/media?parent=6547"}],"wp:term":[{"taxonomy":"category","embeddable":true,"href":"https:\/\/www.lesmaconsdelacreuse.fr\/annuaires\/wp-json\/wp\/v2\/categories?post=6547"},{"taxonomy":"post_tag","embeddable":true,"href":"https:\/\/www.lesmaconsdelacreuse.fr\/annuaires\/wp-json\/wp\/v2\/tags?post=6547"}],"curies":[{"name":"wp","href":"https:\/\/api.w.org\/{rel}","templated":true}]}}