{"id":6549,"date":"2019-07-28T13:41:09","date_gmt":"2019-07-28T11:41:09","guid":{"rendered":"http:\/\/lesmaconsdelacreuse.fr\/annuaire\/?p=6549"},"modified":"2020-01-20T11:27:25","modified_gmt":"2020-01-20T10:27:25","slug":"l_566","status":"publish","type":"post","link":"https:\/\/www.lesmaconsdelacreuse.fr\/annuaires\/lettre-l\/l_566\/","title":{"rendered":"LAUZANE David (1816-1861)"},"content":{"rendered":"<p class=\"last-updated\"><strong>Mis \u00e0 jour le :<\/strong> 27\/04\/2026<\/p><h2 style=\"text-align: center;\"><strong>David LAUZANE<\/strong><\/h2>\n<p style=\"text-align: center;\"><strong>1816 \u2013 1861<\/strong><\/p>\n<p style=\"text-align: center;\"><img decoding=\"async\" title=\"\" src=\"https:\/\/lesmaconsdelacreuse.fr\/annuaire\/wp-content\/uploads\/2019\/07\/image1-1621.jpg\" alt=\"\" data-source-id=\"i.0\" data-asset-id=\"6548\" \/><\/p>\n<h4 style=\"text-align: center;\"><span style=\"color: #008000;\"><strong>ma\u00e7on <\/strong>et <strong>propri\u00e9taire cultivateur<\/strong><\/span><\/h4>\n<p style=\"text-align: center;\">n\u00e9 \u00e0 Vauveix (Roy\u00e8re)<\/p>\n<p style=\"text-align: center;\">le 14 avril 1816<\/p>\n<p style=\"text-align: center;\">fils de<\/p>\n<p style=\"text-align: center;\">Blaise LAUZANE \/ Anne VEYTIZOU<\/p>\n<p style=\"text-align: center;\">cultivateurs<\/p>\n<p style=\"text-align: center;\"><span style=\"color: #ffffff;\">\u25d9<\/span><\/p>\n<p><strong>En 1837<\/strong><em>, David pr\u00e9sentant une fracture du bras droit, est exempt\u00e9 de service militaire.<\/em><\/p>\n<p><em>Il \u00e9pouse Marie <\/em><strong>BOUCARET<\/strong><em> le 8 mars <\/em><strong>1841<\/strong><em> \u00e0 Faux-la-Montagne. Ils habitent Vauveix.<\/em><\/p>\n<p><em>Ils d\u00e9c\u00e8dent\u00a0:<\/em><\/p>\n<ul>\n<li><em>Marie, \u00e0 Vauveix, le 3 juin <\/em><strong>1857<\/strong><em>, \u00e2g\u00e9e de 41 ans<\/em><\/li>\n<li><em>David, aux Bordes, commune de Peyrat-le-Ch\u00e2teau (87), le 6 mars <\/em><strong>1861<\/strong><em>, \u00e2g\u00e9 de 44 ans<\/em><\/li>\n<\/ul>\n","protected":false},"excerpt":{"rendered":"<p>Mis \u00e0 jour le : 27\/04\/2026David LAUZANE 1816 \u2013 1861 ma\u00e7on et propri\u00e9taire cultivateur n\u00e9 \u00e0 Vauveix (Roy\u00e8re) le 14 avril 1816 fils de Blaise LAUZANE \/ Anne VEYTIZOU cultivateurs \u25d9 En 1837, David pr\u00e9sentant une fracture du bras droit, est exempt\u00e9 de service militaire. Il \u00e9pouse Marie BOUCARET le 8 mars 1841 \u00e0 Faux-la-Montagne. ..<\/p>\n<div class=\"clear-fix\"><\/div>\n<p><a href=\"https:\/\/www.lesmaconsdelacreuse.fr\/annuaires\/lettre-l\/l_566\/\" title=\"Lire la suite...\">Lire la suite<\/a><\/p>\n","protected":false},"author":6,"featured_media":0,"comment_status":"closed","ping_status":"closed","sticky":false,"template":"","format":"standard","meta":{"_acf_changed":false,"_exactmetrics_skip_tracking":false,"_exactmetrics_sitenote_active":false,"_exactmetrics_sitenote_note":"","_exactmetrics_sitenote_category":0,"footnotes":""},"categories":[19],"tags":[],"class_list":["post-6549","post","type-post","status-publish","format-standard","hentry","category-lettre-l"],"acf":[],"_links":{"self":[{"href":"https:\/\/www.lesmaconsdelacreuse.fr\/annuaires\/wp-json\/wp\/v2\/posts\/6549","targetHints":{"allow":["GET"]}}],"collection":[{"href":"https:\/\/www.lesmaconsdelacreuse.fr\/annuaires\/wp-json\/wp\/v2\/posts"}],"about":[{"href":"https:\/\/www.lesmaconsdelacreuse.fr\/annuaires\/wp-json\/wp\/v2\/types\/post"}],"author":[{"embeddable":true,"href":"https:\/\/www.lesmaconsdelacreuse.fr\/annuaires\/wp-json\/wp\/v2\/users\/6"}],"replies":[{"embeddable":true,"href":"https:\/\/www.lesmaconsdelacreuse.fr\/annuaires\/wp-json\/wp\/v2\/comments?post=6549"}],"version-history":[{"count":0,"href":"https:\/\/www.lesmaconsdelacreuse.fr\/annuaires\/wp-json\/wp\/v2\/posts\/6549\/revisions"}],"wp:attachment":[{"href":"https:\/\/www.lesmaconsdelacreuse.fr\/annuaires\/wp-json\/wp\/v2\/media?parent=6549"}],"wp:term":[{"taxonomy":"category","embeddable":true,"href":"https:\/\/www.lesmaconsdelacreuse.fr\/annuaires\/wp-json\/wp\/v2\/categories?post=6549"},{"taxonomy":"post_tag","embeddable":true,"href":"https:\/\/www.lesmaconsdelacreuse.fr\/annuaires\/wp-json\/wp\/v2\/tags?post=6549"}],"curies":[{"name":"wp","href":"https:\/\/api.w.org\/{rel}","templated":true}]}}