{"id":6563,"date":"2019-07-28T13:41:08","date_gmt":"2019-07-28T11:41:08","guid":{"rendered":"http:\/\/lesmaconsdelacreuse.fr\/annuaire\/?p=6563"},"modified":"2020-01-20T11:27:27","modified_gmt":"2020-01-20T10:27:27","slug":"l_585","status":"publish","type":"post","link":"https:\/\/www.lesmaconsdelacreuse.fr\/annuaires\/lettre-l\/l_585\/","title":{"rendered":"LAVAUD Pierre (1903-1966)"},"content":{"rendered":"<p class=\"last-updated\"><strong>Mis \u00e0 jour le :<\/strong> 27\/04\/2026<\/p><h2 style=\"text-align: center;\"><strong>Pierre LAVAUD<\/strong><\/h2>\n<p style=\"text-align: center;\"><strong>1903 \u2013 1966<\/strong><\/p>\n<p style=\"text-align: center;\"><img decoding=\"async\" title=\"\" src=\"https:\/\/lesmaconsdelacreuse.fr\/annuaire\/wp-content\/uploads\/2019\/07\/image1-1626.jpg\" alt=\"\" data-source-id=\"i.0\" data-asset-id=\"6561\" \/><\/p>\n<h4 style=\"text-align: center;\"><span style=\"color: #008000;\"><strong>ma\u00e7on<\/strong><\/span><\/h4>\n<p style=\"text-align: center;\">n\u00e9 aux Bourdeix (Montboucher)<\/p>\n<p style=\"text-align: center;\">le 25 ao\u00fbt 1903<\/p>\n<p style=\"text-align: center;\">fils de<\/p>\n<p style=\"text-align: center;\">Jean LAVAUD \/ Marie \u00c9lisabeth Jos\u00e9phine PASCAL<\/p>\n<p style=\"text-align: center;\">cultivateurs<\/p>\n<p style=\"text-align: center;\"><span style=\"color: #ffffff;\">\u25d9<\/span><\/p>\n<p><em>Pierre \u00e9pouse Berthine <\/em><strong>BOURDELAS<\/strong><em> le 6 f\u00e9vrier <\/em><strong>1929<\/strong> <em>\u00e0 Saint-Moreil (mari\u00e9s sans contrat).<\/em><\/p>\n<p><em>Ils habitent d\u2019abord Le Pommier, m\u00eame commune.<\/em><\/p>\n<p><em>Ils d\u00e9c\u00e8dent\u00a0:<\/em><\/p>\n<ul>\n<li><em>Berthine, \u00e0 <\/em><span style=\"color: #0000ff;\"><strong>Saint-R\u00e9my (70)<\/strong><\/span><em>, le 23 novembre <\/em><strong>1959<\/strong><em>, \u00e2g\u00e9e de 49 ans<\/em><\/li>\n<li><em>Pierre, \u00e0 Masbaraud-M\u00e9rignat, le 28 novembre <\/em><strong>1966<\/strong><em>, \u00e2g\u00e9 de 63 ans<\/em><\/li>\n<\/ul>\n","protected":false},"excerpt":{"rendered":"<p>Mis \u00e0 jour le : 27\/04\/2026Pierre LAVAUD 1903 \u2013 1966 ma\u00e7on n\u00e9 aux Bourdeix (Montboucher) le 25 ao\u00fbt 1903 fils de Jean LAVAUD \/ Marie \u00c9lisabeth Jos\u00e9phine PASCAL cultivateurs \u25d9 Pierre \u00e9pouse Berthine BOURDELAS le 6 f\u00e9vrier 1929 \u00e0 Saint-Moreil (mari\u00e9s sans contrat). Ils habitent d\u2019abord Le Pommier, m\u00eame commune. Ils d\u00e9c\u00e8dent\u00a0: Berthine, \u00e0 Saint-R\u00e9my ..<\/p>\n<div class=\"clear-fix\"><\/div>\n<p><a href=\"https:\/\/www.lesmaconsdelacreuse.fr\/annuaires\/lettre-l\/l_585\/\" title=\"Lire la suite...\">Lire la suite<\/a><\/p>\n","protected":false},"author":6,"featured_media":0,"comment_status":"closed","ping_status":"closed","sticky":false,"template":"","format":"standard","meta":{"_acf_changed":false,"_exactmetrics_skip_tracking":false,"_exactmetrics_sitenote_active":false,"_exactmetrics_sitenote_note":"","_exactmetrics_sitenote_category":0,"footnotes":""},"categories":[19],"tags":[],"class_list":["post-6563","post","type-post","status-publish","format-standard","hentry","category-lettre-l"],"acf":[],"_links":{"self":[{"href":"https:\/\/www.lesmaconsdelacreuse.fr\/annuaires\/wp-json\/wp\/v2\/posts\/6563","targetHints":{"allow":["GET"]}}],"collection":[{"href":"https:\/\/www.lesmaconsdelacreuse.fr\/annuaires\/wp-json\/wp\/v2\/posts"}],"about":[{"href":"https:\/\/www.lesmaconsdelacreuse.fr\/annuaires\/wp-json\/wp\/v2\/types\/post"}],"author":[{"embeddable":true,"href":"https:\/\/www.lesmaconsdelacreuse.fr\/annuaires\/wp-json\/wp\/v2\/users\/6"}],"replies":[{"embeddable":true,"href":"https:\/\/www.lesmaconsdelacreuse.fr\/annuaires\/wp-json\/wp\/v2\/comments?post=6563"}],"version-history":[{"count":0,"href":"https:\/\/www.lesmaconsdelacreuse.fr\/annuaires\/wp-json\/wp\/v2\/posts\/6563\/revisions"}],"wp:attachment":[{"href":"https:\/\/www.lesmaconsdelacreuse.fr\/annuaires\/wp-json\/wp\/v2\/media?parent=6563"}],"wp:term":[{"taxonomy":"category","embeddable":true,"href":"https:\/\/www.lesmaconsdelacreuse.fr\/annuaires\/wp-json\/wp\/v2\/categories?post=6563"},{"taxonomy":"post_tag","embeddable":true,"href":"https:\/\/www.lesmaconsdelacreuse.fr\/annuaires\/wp-json\/wp\/v2\/tags?post=6563"}],"curies":[{"name":"wp","href":"https:\/\/api.w.org\/{rel}","templated":true}]}}