{"id":6564,"date":"2019-07-28T13:41:08","date_gmt":"2019-07-28T11:41:08","guid":{"rendered":"http:\/\/lesmaconsdelacreuse.fr\/annuaire\/?p=6564"},"modified":"2020-01-20T11:27:26","modified_gmt":"2020-01-20T10:27:26","slug":"l_565","status":"publish","type":"post","link":"https:\/\/www.lesmaconsdelacreuse.fr\/annuaires\/lettre-l\/l_565\/","title":{"rendered":"LAUZAC Sylvain (1878-1950)"},"content":{"rendered":"<p class=\"last-updated\"><strong>Mis \u00e0 jour le :<\/strong> 27\/04\/2026<\/p><h2 style=\"text-align: center;\"><strong>Sylvain LAUZAC<\/strong><\/h2>\n<p style=\"text-align: center;\"><strong>1878 \u2013 1950<\/strong><\/p>\n<p style=\"text-align: center;\"><img decoding=\"async\" title=\"\" src=\"https:\/\/lesmaconsdelacreuse.fr\/annuaire\/wp-content\/uploads\/2019\/07\/image1-1627.jpg\" alt=\"\" data-source-id=\"i.0\" data-asset-id=\"6562\" \/><\/p>\n<h4 style=\"text-align: center;\"><span style=\"color: #008000;\"><strong>ma\u00e7on <\/strong>et <strong>propri\u00e9taire cultivateur<\/strong><\/span><\/h4>\n<p style=\"text-align: center;\">n\u00e9 au Mazeau (Saint-Pardoux-Lavaud)<\/p>\n<p style=\"text-align: center;\">le 3 janvier 1878<\/p>\n<p style=\"text-align: center;\">fils de<\/p>\n<p style=\"text-align: center;\">Fran\u00e7ois LAUZAC, <span style=\"color: #008000;\"><strong>ma\u00e7on <span style=\"color: #000000;\">\/ <\/span><\/strong><\/span>Marie DUBREUIL<\/p>\n<p style=\"text-align: center;\">propri\u00e9taires cultivateurs<\/p>\n<p style=\"text-align: center;\"><span style=\"color: #ffffff;\">\u25d9<\/span><\/p>\n<p><strong>En 1899<\/strong><em>, Sylvain travaille dans la <\/em><span style=\"color: #0000ff;\"><strong>Seine <\/strong><\/span><em>et y passe le conseil de r\u00e9vision.<\/em><\/p>\n<p><strong>En 1902<\/strong><em>, il habite <\/em><span style=\"color: #0000ff;\"><strong>Paris (75)<\/strong><\/span><em> rue Galande, dans le 5e arrondissement.<\/em><\/p>\n<p><em> Il \u00e9pouse Anne Eug\u00e9nie <\/em><strong>LEPETIT <\/strong><em>le 15 mars <\/em><strong>1906<\/strong><em> \u00e0 Saint-Pardoux (contrat Va\u00efsse \u00e0 Bourganeuf). <\/em><\/p>\n<p><em>Eug\u00e9nie d\u00e9c\u00e8de \u00e0 Paris<\/em> <em>le 8 mars <\/em><strong>1907<\/strong><em>, \u00e2g\u00e9e de 23 ans.<\/em><\/p>\n<p><em>Sylvain se remarie le 13 f\u00e9vrier <\/em><strong>1908<\/strong><em> \u00e0 Saint-Pardoux avec Jeanne <\/em><strong>SARTOUT<\/strong><em> (mari\u00e9s sans contrat). Ils habitent Le Mazeau.<\/em><\/p>\n<p><em>La m\u00eame ann\u00e9e, Sylvain est encore \u00e0 Paris, et loge 30, rue de Poissy dans le 5e arrondissement.<\/em><\/p>\n<p><em>Il d\u00e9c\u00e8de au Mazeau le 12 f\u00e9vrier <\/em><strong>1950<\/strong>,<em> \u00e2g\u00e9 de 72 ans. <\/em><\/p>\n","protected":false},"excerpt":{"rendered":"<p>Mis \u00e0 jour le : 27\/04\/2026Sylvain LAUZAC 1878 \u2013 1950 ma\u00e7on et propri\u00e9taire cultivateur n\u00e9 au Mazeau (Saint-Pardoux-Lavaud) le 3 janvier 1878 fils de Fran\u00e7ois LAUZAC, ma\u00e7on \/ Marie DUBREUIL propri\u00e9taires cultivateurs \u25d9 En 1899, Sylvain travaille dans la Seine et y passe le conseil de r\u00e9vision. En 1902, il habite Paris (75) rue Galande, ..<\/p>\n<div class=\"clear-fix\"><\/div>\n<p><a href=\"https:\/\/www.lesmaconsdelacreuse.fr\/annuaires\/lettre-l\/l_565\/\" title=\"Lire la suite...\">Lire la suite<\/a><\/p>\n","protected":false},"author":6,"featured_media":0,"comment_status":"closed","ping_status":"closed","sticky":false,"template":"","format":"standard","meta":{"_acf_changed":false,"_exactmetrics_skip_tracking":false,"_exactmetrics_sitenote_active":false,"_exactmetrics_sitenote_note":"","_exactmetrics_sitenote_category":0,"footnotes":""},"categories":[19],"tags":[],"class_list":["post-6564","post","type-post","status-publish","format-standard","hentry","category-lettre-l"],"acf":[],"_links":{"self":[{"href":"https:\/\/www.lesmaconsdelacreuse.fr\/annuaires\/wp-json\/wp\/v2\/posts\/6564","targetHints":{"allow":["GET"]}}],"collection":[{"href":"https:\/\/www.lesmaconsdelacreuse.fr\/annuaires\/wp-json\/wp\/v2\/posts"}],"about":[{"href":"https:\/\/www.lesmaconsdelacreuse.fr\/annuaires\/wp-json\/wp\/v2\/types\/post"}],"author":[{"embeddable":true,"href":"https:\/\/www.lesmaconsdelacreuse.fr\/annuaires\/wp-json\/wp\/v2\/users\/6"}],"replies":[{"embeddable":true,"href":"https:\/\/www.lesmaconsdelacreuse.fr\/annuaires\/wp-json\/wp\/v2\/comments?post=6564"}],"version-history":[{"count":0,"href":"https:\/\/www.lesmaconsdelacreuse.fr\/annuaires\/wp-json\/wp\/v2\/posts\/6564\/revisions"}],"wp:attachment":[{"href":"https:\/\/www.lesmaconsdelacreuse.fr\/annuaires\/wp-json\/wp\/v2\/media?parent=6564"}],"wp:term":[{"taxonomy":"category","embeddable":true,"href":"https:\/\/www.lesmaconsdelacreuse.fr\/annuaires\/wp-json\/wp\/v2\/categories?post=6564"},{"taxonomy":"post_tag","embeddable":true,"href":"https:\/\/www.lesmaconsdelacreuse.fr\/annuaires\/wp-json\/wp\/v2\/tags?post=6564"}],"curies":[{"name":"wp","href":"https:\/\/api.w.org\/{rel}","templated":true}]}}