{"id":6566,"date":"2019-07-28T13:41:08","date_gmt":"2019-07-28T11:41:08","guid":{"rendered":"http:\/\/lesmaconsdelacreuse.fr\/annuaire\/?p=6566"},"modified":"2020-10-05T14:52:19","modified_gmt":"2020-10-05T12:52:19","slug":"l_597","status":"publish","type":"post","link":"https:\/\/www.lesmaconsdelacreuse.fr\/annuaires\/lettre-l\/l_597\/","title":{"rendered":"LEBESSOU Jean (vers 1715-avant 1749)"},"content":{"rendered":"<p class=\"last-updated\"><strong>Mis \u00e0 jour le :<\/strong> 27\/04\/2026<\/p><h2 style=\"text-align: center;\"><strong>Jean LEBESSOU<\/strong><\/h2>\n<p style=\"text-align: center;\"><strong>vers 1715 \u2013 avant 1749<\/strong><\/p>\n<p style=\"text-align: center;\"><img decoding=\"async\" title=\"\" src=\"https:\/\/lesmaconsdelacreuse.fr\/annuaire\/wp-content\/uploads\/2019\/07\/image1-1628.jpg\" alt=\"\" data-source-id=\"i.0\" data-asset-id=\"6565\" \/><\/p>\n<h4 style=\"text-align: center;\"><span style=\"color: #008000;\"><a href=\"https:\/\/www.lesmaconsdelacreuse.fr\/annuaires\/wp-content\/uploads\/2020\/07\/TAILLEUR-DE-PIERRE.png\"><strong>\u25ba<\/strong> <strong><span style=\"color: #008000;\">tailleur de pierre<\/span><\/strong><\/a>\u00a0et <strong>ma\u00e7on<\/strong>; <strong>laboureur<\/strong><\/span><\/h4>\n<p>&nbsp;<\/p>\n<p style=\"text-align: center;\">n\u00e9 vers 1715<\/p>\n<p style=\"text-align: center;\">fils de<\/p>\n<p style=\"text-align: center;\">L\u00e9onard LEBESSOU \/ Antoinette LACHAUD<\/p>\n<p style=\"text-align: center;\"><span style=\"color: #ffffff;\"><strong>\u25d9<\/strong><\/span><\/p>\n<p><em>Jean \u00e9pouse Anne <\/em><strong>MIAN <\/strong><em>le 20 f\u00e9vrier <\/em><strong>1730<\/strong><em> \u00e0 Roy\u00e8re (contrat Leblanc \u00e0 Valli\u00e8re). Ils habitent La Chassagne, paroisse de Saint-Martin.<\/em><\/p>\n<p><em> Jean d\u00e9c\u00e8de peu<\/em><strong> \u25ba<a href=\"https:\/\/www.lesmaconsdelacreuse.fr\/annuaires\/\/wp-content\/uploads\/DOCUMENTS\/1749_-_Jean_LEBESSON_mort_en_Angoumois.pdf\" target=\"_blank\" rel=\"noopener noreferrer\"><span style=\"color: #ff00ff;\">avant 1749<\/span><\/a><\/strong><em> \u00ab\u00a0dans le pays<\/em><span style=\"color: #0000ff;\"><strong> angoumois<\/strong><\/span><em> travaillant \u00e0 l\u2019\u00e9glise du bourg de Chermit\u00a0\u00bb. <\/em><span style=\"color: #0000ff;\"><strong>(16)<\/strong><\/span><\/p>\n<p><em> Anne d\u00e9c\u00e8de \u00e0 Langladure, paroisse de Roy\u00e8re, le 25 mars <\/em>1755<em>, \u00e2g\u00e9e de 38 ans. <\/em><\/p>\n<p>&nbsp;<\/p>\n","protected":false},"excerpt":{"rendered":"<p>Mis \u00e0 jour le : 27\/04\/2026Jean LEBESSOU vers 1715 \u2013 avant 1749 \u25ba tailleur de pierre\u00a0et ma\u00e7on; laboureur &nbsp; n\u00e9 vers 1715 fils de L\u00e9onard LEBESSOU \/ Antoinette LACHAUD \u25d9 Jean \u00e9pouse Anne MIAN le 20 f\u00e9vrier 1730 \u00e0 Roy\u00e8re (contrat Leblanc \u00e0 Valli\u00e8re). Ils habitent La Chassagne, paroisse de Saint-Martin. Jean d\u00e9c\u00e8de peu \u25baavant ..<\/p>\n<div class=\"clear-fix\"><\/div>\n<p><a href=\"https:\/\/www.lesmaconsdelacreuse.fr\/annuaires\/lettre-l\/l_597\/\" title=\"Lire la suite...\">Lire la suite<\/a><\/p>\n","protected":false},"author":6,"featured_media":0,"comment_status":"closed","ping_status":"closed","sticky":false,"template":"","format":"standard","meta":{"_acf_changed":false,"_exactmetrics_skip_tracking":false,"_exactmetrics_sitenote_active":false,"_exactmetrics_sitenote_note":"","_exactmetrics_sitenote_category":0,"footnotes":""},"categories":[19],"tags":[],"class_list":["post-6566","post","type-post","status-publish","format-standard","hentry","category-lettre-l"],"acf":[],"_links":{"self":[{"href":"https:\/\/www.lesmaconsdelacreuse.fr\/annuaires\/wp-json\/wp\/v2\/posts\/6566","targetHints":{"allow":["GET"]}}],"collection":[{"href":"https:\/\/www.lesmaconsdelacreuse.fr\/annuaires\/wp-json\/wp\/v2\/posts"}],"about":[{"href":"https:\/\/www.lesmaconsdelacreuse.fr\/annuaires\/wp-json\/wp\/v2\/types\/post"}],"author":[{"embeddable":true,"href":"https:\/\/www.lesmaconsdelacreuse.fr\/annuaires\/wp-json\/wp\/v2\/users\/6"}],"replies":[{"embeddable":true,"href":"https:\/\/www.lesmaconsdelacreuse.fr\/annuaires\/wp-json\/wp\/v2\/comments?post=6566"}],"version-history":[{"count":0,"href":"https:\/\/www.lesmaconsdelacreuse.fr\/annuaires\/wp-json\/wp\/v2\/posts\/6566\/revisions"}],"wp:attachment":[{"href":"https:\/\/www.lesmaconsdelacreuse.fr\/annuaires\/wp-json\/wp\/v2\/media?parent=6566"}],"wp:term":[{"taxonomy":"category","embeddable":true,"href":"https:\/\/www.lesmaconsdelacreuse.fr\/annuaires\/wp-json\/wp\/v2\/categories?post=6566"},{"taxonomy":"post_tag","embeddable":true,"href":"https:\/\/www.lesmaconsdelacreuse.fr\/annuaires\/wp-json\/wp\/v2\/tags?post=6566"}],"curies":[{"name":"wp","href":"https:\/\/api.w.org\/{rel}","templated":true}]}}