{"id":6572,"date":"2019-07-28T13:41:08","date_gmt":"2019-07-28T11:41:08","guid":{"rendered":"http:\/\/lesmaconsdelacreuse.fr\/annuaire\/?p=6572"},"modified":"2022-12-13T14:47:32","modified_gmt":"2022-12-13T13:47:32","slug":"l_574","status":"publish","type":"post","link":"https:\/\/www.lesmaconsdelacreuse.fr\/annuaires\/lettre-l\/l_574\/","title":{"rendered":"LAVARACHE L\u00e9onard (vers 1645-1695)"},"content":{"rendered":"<p class=\"last-updated\"><strong>Mis \u00e0 jour le :<\/strong> 27\/04\/2026<\/p><h2 style=\"text-align: center;\"><strong>L\u00e9onard LAVARACHE<\/strong><\/h2>\n<p style=\"text-align: center;\"><strong>vers 1645 \u2013 1695<\/strong><\/p>\n<p style=\"text-align: center;\"><a href=\"https:\/\/www.lesmaconsdelacreuse.fr\/annuaires\/wp-content\/uploads\/2020\/07\/ne-sait-pas-signer.jpg\"><img loading=\"lazy\" decoding=\"async\" class=\"alignnone size-full wp-image-174596\" src=\"https:\/\/www.lesmaconsdelacreuse.fr\/annuaires\/wp-content\/uploads\/2020\/07\/ne-sait-pas-signer.jpg\" alt=\"\" width=\"156\" height=\"31\" srcset=\"https:\/\/www.lesmaconsdelacreuse.fr\/annuaires\/wp-content\/uploads\/2020\/07\/ne-sait-pas-signer.jpg 156w, https:\/\/www.lesmaconsdelacreuse.fr\/annuaires\/wp-content\/uploads\/2020\/07\/ne-sait-pas-signer-150x30.jpg 150w\" sizes=\"auto, (max-width: 156px) 100vw, 156px\" \/><\/a><\/p>\n<h4 style=\"text-align: center;\"><span style=\"color: #008000;\"><strong>ma\u00e7on<\/strong><\/span><\/h4>\n<p style=\"text-align: center;\">n\u00e9 \u00e0 Roy\u00e8re\u00a0?<\/p>\n<p style=\"text-align: center;\">vers 1645<\/p>\n<p style=\"text-align: center;\">fils de<\/p>\n<p style=\"text-align: center;\">Pierre LAVARACHE \/ Jeanne CHABROUTY<\/p>\n<p style=\"text-align: center;\"><span style=\"color: #ffffff;\">\u25d9<\/span><\/p>\n<p><strong>En 1668<\/strong><em>, L\u00e9onard \u00e9pouse Catherine <\/em><strong>THOMAS<\/strong><em>\u00a0<\/em><em> (contrat Dandaleix \u00e0 Roy\u00e8re). <\/em><\/p>\n<p><em>Catherine d\u00e9c\u00e8de \u00e0 Roy\u00e8re le 5 ao\u00fbt <\/em><strong>1678<\/strong><em>, \u00e2g\u00e9e de 27 ans environ.<\/em><\/p>\n<p><em>L\u00e9onard se remarie le 8 janvier <\/em><strong>1680<\/strong><em> \u00e0 Roy\u00e8re avec Blaisie <\/em><strong>ROUQUART<\/strong><em>, veuve d\u2019Antoine VERGNOLAS. <\/em><\/p>\n<p><em>Ils d\u00e9c\u00e8dent\u00a0:<\/em><\/p>\n<ul>\n<li><em>L\u00e9onard, \u00e0 <\/em><span style=\"color: #0000ff;\"><strong>Allemans (24)<\/strong><\/span><em>, le 12 mai \u25ba<\/em><span style=\"color: #ff00ff;\"><strong><a style=\"color: #ff00ff;\" href=\"https:\/\/www.lesmaconsdelacreuse.fr\/annuaires\/\/wp-content\/uploads\/DOCUMENTS\/1697_-_Leonard_LAVARACHE_decede_a_Allemans.pdf\" target=\"_blank\" rel=\"noopener noreferrer\">1695<\/a><\/strong><\/span><em>, \u00e2g\u00e9 de 50 ans environ<\/em><\/li>\n<li><em>Blaisie, remari\u00e9e en 1697 avec Antoine DELAJEANNE, aux Bordes, paroisse de Roy\u00e8re, le 11 septembre 1710, \u00e2g\u00e9e de 59 ans<\/em><\/li>\n<\/ul>\n<p>S17<\/p>\n<p>&nbsp;<\/p>\n","protected":false},"excerpt":{"rendered":"<p>Mis \u00e0 jour le : 27\/04\/2026L\u00e9onard LAVARACHE vers 1645 \u2013 1695 ma\u00e7on n\u00e9 \u00e0 Roy\u00e8re\u00a0? vers 1645 fils de Pierre LAVARACHE \/ Jeanne CHABROUTY \u25d9 En 1668, L\u00e9onard \u00e9pouse Catherine THOMAS\u00a0 (contrat Dandaleix \u00e0 Roy\u00e8re). Catherine d\u00e9c\u00e8de \u00e0 Roy\u00e8re le 5 ao\u00fbt 1678, \u00e2g\u00e9e de 27 ans environ. L\u00e9onard se remarie le 8 janvier 1680 ..<\/p>\n<div class=\"clear-fix\"><\/div>\n<p><a href=\"https:\/\/www.lesmaconsdelacreuse.fr\/annuaires\/lettre-l\/l_574\/\" title=\"Lire la suite...\">Lire la suite<\/a><\/p>\n","protected":false},"author":6,"featured_media":0,"comment_status":"closed","ping_status":"closed","sticky":false,"template":"","format":"standard","meta":{"_acf_changed":false,"_exactmetrics_skip_tracking":false,"_exactmetrics_sitenote_active":false,"_exactmetrics_sitenote_note":"","_exactmetrics_sitenote_category":0,"footnotes":""},"categories":[19],"tags":[],"class_list":["post-6572","post","type-post","status-publish","format-standard","hentry","category-lettre-l"],"acf":[],"_links":{"self":[{"href":"https:\/\/www.lesmaconsdelacreuse.fr\/annuaires\/wp-json\/wp\/v2\/posts\/6572","targetHints":{"allow":["GET"]}}],"collection":[{"href":"https:\/\/www.lesmaconsdelacreuse.fr\/annuaires\/wp-json\/wp\/v2\/posts"}],"about":[{"href":"https:\/\/www.lesmaconsdelacreuse.fr\/annuaires\/wp-json\/wp\/v2\/types\/post"}],"author":[{"embeddable":true,"href":"https:\/\/www.lesmaconsdelacreuse.fr\/annuaires\/wp-json\/wp\/v2\/users\/6"}],"replies":[{"embeddable":true,"href":"https:\/\/www.lesmaconsdelacreuse.fr\/annuaires\/wp-json\/wp\/v2\/comments?post=6572"}],"version-history":[{"count":1,"href":"https:\/\/www.lesmaconsdelacreuse.fr\/annuaires\/wp-json\/wp\/v2\/posts\/6572\/revisions"}],"predecessor-version":[{"id":203041,"href":"https:\/\/www.lesmaconsdelacreuse.fr\/annuaires\/wp-json\/wp\/v2\/posts\/6572\/revisions\/203041"}],"wp:attachment":[{"href":"https:\/\/www.lesmaconsdelacreuse.fr\/annuaires\/wp-json\/wp\/v2\/media?parent=6572"}],"wp:term":[{"taxonomy":"category","embeddable":true,"href":"https:\/\/www.lesmaconsdelacreuse.fr\/annuaires\/wp-json\/wp\/v2\/categories?post=6572"},{"taxonomy":"post_tag","embeddable":true,"href":"https:\/\/www.lesmaconsdelacreuse.fr\/annuaires\/wp-json\/wp\/v2\/tags?post=6572"}],"curies":[{"name":"wp","href":"https:\/\/api.w.org\/{rel}","templated":true}]}}