{"id":6575,"date":"2019-07-28T13:41:08","date_gmt":"2019-07-28T11:41:08","guid":{"rendered":"http:\/\/lesmaconsdelacreuse.fr\/annuaire\/?p=6575"},"modified":"2020-09-28T10:26:44","modified_gmt":"2020-09-28T08:26:44","slug":"l_567","status":"publish","type":"post","link":"https:\/\/www.lesmaconsdelacreuse.fr\/annuaires\/lettre-l\/l_567\/","title":{"rendered":"LAUZANNE L\u00e9onard (1843-1921)"},"content":{"rendered":"<p class=\"last-updated\"><strong>Mis \u00e0 jour le :<\/strong> 27\/04\/2026<\/p><h2 style=\"text-align: center;\"><strong>L\u00e9onard LAUZANNE<\/strong><\/h2>\n<p style=\"text-align: center;\"><strong>1843 \u2013 1921<\/strong><\/p>\n<p style=\"text-align: center;\"><img loading=\"lazy\" decoding=\"async\" class=\"\" title=\"\" src=\"https:\/\/lesmaconsdelacreuse.fr\/annuaire\/wp-content\/uploads\/2019\/07\/image1-1631.jpg\" alt=\"\" width=\"194\" height=\"98\" data-source-id=\"i.0\" data-asset-id=\"6573\" \/><\/p>\n<h4 style=\"text-align: center;\"><span style=\"color: #008000;\"><strong>ma\u00e7on <\/strong>et <strong>propri\u00e9taire cultivateur<\/strong><\/span><\/h4>\n<p>&nbsp;<\/p>\n<p style=\"text-align: center;\">n\u00e9 \u00e0 Vauveix (Roy\u00e8re)<\/p>\n<p style=\"text-align: center;\">le 10 octobre 1843<\/p>\n<p style=\"text-align: center;\">fils de<\/p>\n<p style=\"text-align: center;\">David LAUZANNE, <span style=\"color: #008000;\"><strong>ma\u00e7on <\/strong><\/span><strong>\/ <\/strong>Marie BOUCARET<\/p>\n<p style=\"text-align: center;\">propri\u00e9taires cultivateurs<\/p>\n<p style=\"text-align: center;\"><span style=\"color: #ffffff;\">\u25d9<\/span><\/p>\n<p><strong>En 1864<\/strong><em>, L\u00e9onard est exempt\u00e9 de service militaire comme a\u00een\u00e9 d\u2019orphelins.<\/em><\/p>\n<p><em>Il \u00e9pouse Jeanne <\/em><strong>MEAUME<\/strong><em> le 12 mars <\/em><strong>1868<\/strong><em> \u00e0 Roy\u00e8re\u00a0 (contrat Toumieux).<\/em><\/p>\n<p><em>L\u00e9onard r\u00e9dige un \u25ba <a href=\"https:\/\/www.lesmaconsdelacreuse.fr\/annuaires\/wp-content\/uploads\/2019\/08\/TESTAMENT-OLOGRAPHE.png\" target=\"_blank\" rel=\"noopener noreferrer\">testament olographe<\/a> le 10 avril <\/em><strong>1910<\/strong><em>.<\/em><\/p>\n<p><em>Les \u00e9poux d\u00e9c\u00e8dent \u00e0 Soumeix, m\u00eame commune\u00a0:<\/em><\/p>\n<ul>\n<li><em>Jeanne, le 8 mai <\/em><strong>1921<\/strong>,<em> \u00e2g\u00e9e de 73 ans<\/em><\/li>\n<li><em>L\u00e9onard, le 18 juin suivant, \u00e2g\u00e9 de 77 ans<\/em><\/li>\n<\/ul>\n<p>&nbsp;<\/p>\n","protected":false},"excerpt":{"rendered":"<p>Mis \u00e0 jour le : 27\/04\/2026L\u00e9onard LAUZANNE 1843 \u2013 1921 ma\u00e7on et propri\u00e9taire cultivateur &nbsp; n\u00e9 \u00e0 Vauveix (Roy\u00e8re) le 10 octobre 1843 fils de David LAUZANNE, ma\u00e7on \/ Marie BOUCARET propri\u00e9taires cultivateurs \u25d9 En 1864, L\u00e9onard est exempt\u00e9 de service militaire comme a\u00een\u00e9 d\u2019orphelins. Il \u00e9pouse Jeanne MEAUME le 12 mars 1868 \u00e0 Roy\u00e8re\u00a0 ..<\/p>\n<div class=\"clear-fix\"><\/div>\n<p><a href=\"https:\/\/www.lesmaconsdelacreuse.fr\/annuaires\/lettre-l\/l_567\/\" title=\"Lire la suite...\">Lire la suite<\/a><\/p>\n","protected":false},"author":6,"featured_media":0,"comment_status":"closed","ping_status":"closed","sticky":false,"template":"","format":"standard","meta":{"_acf_changed":false,"_exactmetrics_skip_tracking":false,"_exactmetrics_sitenote_active":false,"_exactmetrics_sitenote_note":"","_exactmetrics_sitenote_category":0,"footnotes":""},"categories":[19],"tags":[],"class_list":["post-6575","post","type-post","status-publish","format-standard","hentry","category-lettre-l"],"acf":[],"_links":{"self":[{"href":"https:\/\/www.lesmaconsdelacreuse.fr\/annuaires\/wp-json\/wp\/v2\/posts\/6575","targetHints":{"allow":["GET"]}}],"collection":[{"href":"https:\/\/www.lesmaconsdelacreuse.fr\/annuaires\/wp-json\/wp\/v2\/posts"}],"about":[{"href":"https:\/\/www.lesmaconsdelacreuse.fr\/annuaires\/wp-json\/wp\/v2\/types\/post"}],"author":[{"embeddable":true,"href":"https:\/\/www.lesmaconsdelacreuse.fr\/annuaires\/wp-json\/wp\/v2\/users\/6"}],"replies":[{"embeddable":true,"href":"https:\/\/www.lesmaconsdelacreuse.fr\/annuaires\/wp-json\/wp\/v2\/comments?post=6575"}],"version-history":[{"count":0,"href":"https:\/\/www.lesmaconsdelacreuse.fr\/annuaires\/wp-json\/wp\/v2\/posts\/6575\/revisions"}],"wp:attachment":[{"href":"https:\/\/www.lesmaconsdelacreuse.fr\/annuaires\/wp-json\/wp\/v2\/media?parent=6575"}],"wp:term":[{"taxonomy":"category","embeddable":true,"href":"https:\/\/www.lesmaconsdelacreuse.fr\/annuaires\/wp-json\/wp\/v2\/categories?post=6575"},{"taxonomy":"post_tag","embeddable":true,"href":"https:\/\/www.lesmaconsdelacreuse.fr\/annuaires\/wp-json\/wp\/v2\/tags?post=6575"}],"curies":[{"name":"wp","href":"https:\/\/api.w.org\/{rel}","templated":true}]}}