{"id":6576,"date":"2019-07-28T13:41:08","date_gmt":"2019-07-28T11:41:08","guid":{"rendered":"http:\/\/lesmaconsdelacreuse.fr\/annuaire\/?p=6576"},"modified":"2020-10-04T09:49:38","modified_gmt":"2020-10-04T07:49:38","slug":"l_553","status":"publish","type":"post","link":"https:\/\/www.lesmaconsdelacreuse.fr\/annuaires\/lettre-l\/l_553\/","title":{"rendered":"LAURIER Jean-Fran\u00e7ois (1874-1952)"},"content":{"rendered":"<p class=\"last-updated\"><strong>Mis \u00e0 jour le :<\/strong> 27\/04\/2026<\/p><h2 style=\"text-align: center;\"><strong>Jean-Fran\u00e7ois LAURIER<\/strong><\/h2>\n<p style=\"text-align: center;\"><strong>Jean LAURIER<\/strong><\/p>\n<p style=\"text-align: center;\"><strong>1874 \u2013 1952<\/strong><\/p>\n<p style=\"text-align: center;\"><img decoding=\"async\" title=\"\" src=\"https:\/\/lesmaconsdelacreuse.fr\/annuaire\/wp-content\/uploads\/2019\/07\/image1-97.png\" alt=\"\" data-source-id=\"i.0\" data-asset-id=\"6574\" \/><\/p>\n<h4 style=\"text-align: center;\"><span style=\"color: #008000;\"><strong>ma\u00e7on<\/strong> et\u00a0<strong><em>\u25ba<a href=\"https:\/\/www.lesmaconsdelacreuse.fr\/annuaires\/wp-content\/uploads\/2020\/07\/FUMISTE.png\" target=\"_blank\" rel=\"noopener noreferrer\"><span style=\"color: #008000;\">fumiste<\/span><\/a><\/em><\/strong><\/span><\/h4>\n<p>&nbsp;<\/p>\n<p style=\"text-align: center;\">n\u00e9 \u00e0 Brudieux (Saint-Martin-Ch\u00e2teau)<\/p>\n<p style=\"text-align: center;\">le 20 ao\u00fbt 1874<\/p>\n<p style=\"text-align: center;\">fils de<\/p>\n<p style=\"text-align: center;\">Blaise LAURIER, <span style=\"color: #008000;\"><strong>ma\u00e7on<\/strong><\/span><\/p>\n<p style=\"text-align: center;\">Marguerite MARTINAUD, cultivatrice<\/p>\n<p style=\"text-align: center;\"><span style=\"color: #ffffff;\">\u25d9<\/span><\/p>\n<p><strong>En 1895<\/strong><em>, Jean travaille dans le <\/em><span style=\"color: #0000ff;\"><strong>Rh\u00f4ne <\/strong><\/span><em>et y passe le conseil de r\u00e9vision.<\/em><\/p>\n<p><strong>En 1898<\/strong><em>, il r\u00e9side \u00e0 <\/em><span style=\"color: #0000ff;\"><strong>Lyon (69)<\/strong><\/span><em> 33, rue Villeroy.<\/em><\/p>\n<p><em> Il \u00e9pouse Anna L\u00e9ontine <\/em><strong>MARTINAUD<\/strong><em> le 19 janvier <\/em><strong>1901<\/strong><em> \u00e0 Saint-Martin (contrat Orluc).<\/em><\/p>\n<p><em>En mars de la m\u00eame ann\u00e9e, il habite Lyon, 16, rue de l\u2019\u00c9p\u00e9e ;<\/em><\/p>\n<p><strong>en 1904<\/strong><em>, 22, rue Paul Bec;<\/em><\/p>\n<p><strong>en 1919<\/strong><em>, rue de La Vigilance.<\/em><\/p>\n<p><strong>En 1924<\/strong><em>, les \u00e9poux sont tous deux \u00e0 cette adresse\u00a0;<\/em><\/p>\n<p><strong>en 1928<\/strong><em>, 49, rue Victorien Sardou.<\/em><\/p>\n<p><em>Ils d\u00e9c\u00e8dent\u00a0:<\/em><\/p>\n<ul>\n<li><em>L\u00e9ontine, \u00e0 Brudieux, le 26 novembre <\/em><strong>1946<\/strong><em>, \u00e2g\u00e9e de 66 ans<\/em><\/li>\n<li><em>Jean, \u00e0 Lyon 3e, le 3 janvier <\/em><strong>1952<\/strong><em>, \u00e2g\u00e9 de 77 ans<\/em><\/li>\n<\/ul>\n<p>&nbsp;<\/p>\n","protected":false},"excerpt":{"rendered":"<p>Mis \u00e0 jour le : 27\/04\/2026Jean-Fran\u00e7ois LAURIER Jean LAURIER 1874 \u2013 1952 ma\u00e7on et\u00a0\u25bafumiste &nbsp; n\u00e9 \u00e0 Brudieux (Saint-Martin-Ch\u00e2teau) le 20 ao\u00fbt 1874 fils de Blaise LAURIER, ma\u00e7on Marguerite MARTINAUD, cultivatrice \u25d9 En 1895, Jean travaille dans le Rh\u00f4ne et y passe le conseil de r\u00e9vision. En 1898, il r\u00e9side \u00e0 Lyon (69) 33, rue ..<\/p>\n<div class=\"clear-fix\"><\/div>\n<p><a href=\"https:\/\/www.lesmaconsdelacreuse.fr\/annuaires\/lettre-l\/l_553\/\" title=\"Lire la suite...\">Lire la suite<\/a><\/p>\n","protected":false},"author":6,"featured_media":0,"comment_status":"closed","ping_status":"closed","sticky":false,"template":"","format":"standard","meta":{"_acf_changed":false,"_exactmetrics_skip_tracking":false,"_exactmetrics_sitenote_active":false,"_exactmetrics_sitenote_note":"","_exactmetrics_sitenote_category":0,"footnotes":""},"categories":[19],"tags":[],"class_list":["post-6576","post","type-post","status-publish","format-standard","hentry","category-lettre-l"],"acf":[],"_links":{"self":[{"href":"https:\/\/www.lesmaconsdelacreuse.fr\/annuaires\/wp-json\/wp\/v2\/posts\/6576","targetHints":{"allow":["GET"]}}],"collection":[{"href":"https:\/\/www.lesmaconsdelacreuse.fr\/annuaires\/wp-json\/wp\/v2\/posts"}],"about":[{"href":"https:\/\/www.lesmaconsdelacreuse.fr\/annuaires\/wp-json\/wp\/v2\/types\/post"}],"author":[{"embeddable":true,"href":"https:\/\/www.lesmaconsdelacreuse.fr\/annuaires\/wp-json\/wp\/v2\/users\/6"}],"replies":[{"embeddable":true,"href":"https:\/\/www.lesmaconsdelacreuse.fr\/annuaires\/wp-json\/wp\/v2\/comments?post=6576"}],"version-history":[{"count":0,"href":"https:\/\/www.lesmaconsdelacreuse.fr\/annuaires\/wp-json\/wp\/v2\/posts\/6576\/revisions"}],"wp:attachment":[{"href":"https:\/\/www.lesmaconsdelacreuse.fr\/annuaires\/wp-json\/wp\/v2\/media?parent=6576"}],"wp:term":[{"taxonomy":"category","embeddable":true,"href":"https:\/\/www.lesmaconsdelacreuse.fr\/annuaires\/wp-json\/wp\/v2\/categories?post=6576"},{"taxonomy":"post_tag","embeddable":true,"href":"https:\/\/www.lesmaconsdelacreuse.fr\/annuaires\/wp-json\/wp\/v2\/tags?post=6576"}],"curies":[{"name":"wp","href":"https:\/\/api.w.org\/{rel}","templated":true}]}}