{"id":6577,"date":"2019-07-28T13:41:08","date_gmt":"2019-07-28T11:41:08","guid":{"rendered":"http:\/\/lesmaconsdelacreuse.fr\/annuaire\/?p=6577"},"modified":"2020-01-20T11:27:25","modified_gmt":"2020-01-20T10:27:25","slug":"l_561","status":"publish","type":"post","link":"https:\/\/www.lesmaconsdelacreuse.fr\/annuaires\/lettre-l\/l_561\/","title":{"rendered":"LAUZAC Jean (1879-apr\u00e8s 1922)"},"content":{"rendered":"<p class=\"last-updated\"><strong>Mis \u00e0 jour le :<\/strong> 27\/04\/2026<\/p><h2 style=\"text-align: center;\"><strong>Jean LAUZAC<\/strong><\/h2>\n<p style=\"text-align: center;\"><strong>1879 \u2013 apr\u00e8s 1922<\/strong><\/p>\n<h4 style=\"text-align: center;\"><span style=\"color: #008000;\"><strong>ma\u00e7on<\/strong><\/span><\/h4>\n<p style=\"text-align: center;\">n\u00e9 au Mazeau (Saint-Pardoux-Lavaud)<\/p>\n<p style=\"text-align: center;\">le 28 novembre 1879<\/p>\n<p style=\"text-align: center;\">fils de<\/p>\n<p style=\"text-align: center;\">Fran\u00e7ois LAUZAC,<span style=\"color: #008000;\"><strong> ma\u00e7on <\/strong><\/span><strong>\/ <\/strong>Marie DUBREUIL<\/p>\n<p style=\"text-align: center;\">propri\u00e9taires cultivateurs<\/p>\n<p style=\"text-align: center;\"><span style=\"color: #ffffff;\">\u25d9<\/span><\/p>\n<p><strong>En 1900<\/strong><em>, Jean est dispens\u00e9 de service militaire, ayant un fr\u00e8re sous les drapeaux. Il pr\u00e9sente une r\u00e9traction du petit doigt de la main droite.<\/em><\/p>\n<p><em>Il travaille \u00e0 <\/em><span style=\"color: #0000ff;\"><strong>Paris (75)<\/strong><\/span><em> et loge dans le 5e arrondissement\u00a0:<\/em><\/p>\n<p><strong>en 1902<\/strong><em>, 42, rue Gambetta\u00a0;<\/em><\/p>\n<p><strong>en 1907<\/strong><em>, 30, rue de Poissy. <\/em><\/p>\n","protected":false},"excerpt":{"rendered":"<p>Mis \u00e0 jour le : 27\/04\/2026Jean LAUZAC 1879 \u2013 apr\u00e8s 1922 ma\u00e7on n\u00e9 au Mazeau (Saint-Pardoux-Lavaud) le 28 novembre 1879 fils de Fran\u00e7ois LAUZAC, ma\u00e7on \/ Marie DUBREUIL propri\u00e9taires cultivateurs \u25d9 En 1900, Jean est dispens\u00e9 de service militaire, ayant un fr\u00e8re sous les drapeaux. Il pr\u00e9sente une r\u00e9traction du petit doigt de la main ..<\/p>\n<div class=\"clear-fix\"><\/div>\n<p><a href=\"https:\/\/www.lesmaconsdelacreuse.fr\/annuaires\/lettre-l\/l_561\/\" title=\"Lire la suite...\">Lire la suite<\/a><\/p>\n","protected":false},"author":6,"featured_media":0,"comment_status":"closed","ping_status":"closed","sticky":false,"template":"","format":"standard","meta":{"_acf_changed":false,"_exactmetrics_skip_tracking":false,"_exactmetrics_sitenote_active":false,"_exactmetrics_sitenote_note":"","_exactmetrics_sitenote_category":0,"footnotes":""},"categories":[19],"tags":[],"class_list":["post-6577","post","type-post","status-publish","format-standard","hentry","category-lettre-l"],"acf":[],"_links":{"self":[{"href":"https:\/\/www.lesmaconsdelacreuse.fr\/annuaires\/wp-json\/wp\/v2\/posts\/6577","targetHints":{"allow":["GET"]}}],"collection":[{"href":"https:\/\/www.lesmaconsdelacreuse.fr\/annuaires\/wp-json\/wp\/v2\/posts"}],"about":[{"href":"https:\/\/www.lesmaconsdelacreuse.fr\/annuaires\/wp-json\/wp\/v2\/types\/post"}],"author":[{"embeddable":true,"href":"https:\/\/www.lesmaconsdelacreuse.fr\/annuaires\/wp-json\/wp\/v2\/users\/6"}],"replies":[{"embeddable":true,"href":"https:\/\/www.lesmaconsdelacreuse.fr\/annuaires\/wp-json\/wp\/v2\/comments?post=6577"}],"version-history":[{"count":0,"href":"https:\/\/www.lesmaconsdelacreuse.fr\/annuaires\/wp-json\/wp\/v2\/posts\/6577\/revisions"}],"wp:attachment":[{"href":"https:\/\/www.lesmaconsdelacreuse.fr\/annuaires\/wp-json\/wp\/v2\/media?parent=6577"}],"wp:term":[{"taxonomy":"category","embeddable":true,"href":"https:\/\/www.lesmaconsdelacreuse.fr\/annuaires\/wp-json\/wp\/v2\/categories?post=6577"},{"taxonomy":"post_tag","embeddable":true,"href":"https:\/\/www.lesmaconsdelacreuse.fr\/annuaires\/wp-json\/wp\/v2\/tags?post=6577"}],"curies":[{"name":"wp","href":"https:\/\/api.w.org\/{rel}","templated":true}]}}