{"id":6591,"date":"2019-07-28T13:41:07","date_gmt":"2019-07-28T11:41:07","guid":{"rendered":"http:\/\/lesmaconsdelacreuse.fr\/annuaire\/?p=6591"},"modified":"2020-01-20T11:27:27","modified_gmt":"2020-01-20T10:27:27","slug":"l_559","status":"publish","type":"post","link":"https:\/\/www.lesmaconsdelacreuse.fr\/annuaires\/lettre-l\/l_559\/","title":{"rendered":"LAUZAC Fran\u00e7ois (1836-1903)"},"content":{"rendered":"<p class=\"last-updated\"><strong>Mis \u00e0 jour le :<\/strong> 27\/04\/2026<\/p><h2 style=\"text-align: center;\"><strong>Fran\u00e7ois LAUZAC<\/strong><\/h2>\n<p style=\"text-align: center;\"><strong>1836 \u2013 1903<\/strong><\/p>\n<p style=\"text-align: center;\"><img decoding=\"async\" title=\"\" src=\"https:\/\/lesmaconsdelacreuse.fr\/annuaire\/wp-content\/uploads\/2019\/07\/image1-1638.jpg\" alt=\"\" data-source-id=\"i.0\" data-asset-id=\"6590\" \/><\/p>\n<h4 style=\"text-align: center;\"><span style=\"color: #008000;\"><strong>ma\u00e7on <\/strong>et<strong> cultivateur<\/strong><\/span><\/h4>\n<p style=\"text-align: center;\">n\u00e9 \u00e0 Verginas (Gentioux)<\/p>\n<p style=\"text-align: center;\">le 9 avril 1836<\/p>\n<p style=\"text-align: center;\">fils de<\/p>\n<p style=\"text-align: center;\">Georges LAUZAC, <span style=\"color: #008000;\"><strong>ma\u00e7on<\/strong><\/span><\/p>\n<p style=\"text-align: center;\">Marie MERMINON, cultivatrice<\/p>\n<p style=\"text-align: center;\"><span style=\"color: #ffffff;\">\u25d9<\/span><\/p>\n<p><em>Fran\u00e7ois \u00e9pouse Marie <\/em><strong>LAVERGNE<\/strong><em> le 6 mars <\/em><strong>1865<\/strong><em> \u00e0 Saint-Pardoux-Lavaud (contrat Magadoux \u00e0 Saint-Martin-Ch\u00e2teau). Le couple habite Le Mazeau, commune de Saint-Pardoux. <\/em><\/p>\n<p><em>Marie y d\u00e9c\u00e8de le 9 juillet <\/em><strong>1873<\/strong><em>, \u00e2g\u00e9e de 27 ans. <\/em><\/p>\n<p><em>Fran\u00e7ois \u00e9pouse Marie <\/em><strong>DUBREUIL<\/strong><em>, veuve de Fran\u00e7ois SENY, ma\u00e7on, le 26 f\u00e9vrier <\/em><strong>1876<\/strong><em> \u00e0 Saint-Pardoux (contrat devant le m\u00eame notaire). Ils vivent aussi au Mazeau. <\/em><\/p>\n<p><em>Ils y d\u00e9c\u00e8dent\u00a0:<\/em><\/p>\n<ul>\n<li><em>Fran\u00e7ois, le 31 d\u00e9cembre <\/em><strong>1903<\/strong><em>, \u00e2g\u00e9 de 67 ans<\/em><\/li>\n<li><em>Marie, le 28 juin <\/em><strong>1921<\/strong><em>, \u00e2g\u00e9e de 70 ans<\/em><\/li>\n<\/ul>\n","protected":false},"excerpt":{"rendered":"<p>Mis \u00e0 jour le : 27\/04\/2026Fran\u00e7ois LAUZAC 1836 \u2013 1903 ma\u00e7on et cultivateur n\u00e9 \u00e0 Verginas (Gentioux) le 9 avril 1836 fils de Georges LAUZAC, ma\u00e7on Marie MERMINON, cultivatrice \u25d9 Fran\u00e7ois \u00e9pouse Marie LAVERGNE le 6 mars 1865 \u00e0 Saint-Pardoux-Lavaud (contrat Magadoux \u00e0 Saint-Martin-Ch\u00e2teau). Le couple habite Le Mazeau, commune de Saint-Pardoux. Marie y d\u00e9c\u00e8de ..<\/p>\n<div class=\"clear-fix\"><\/div>\n<p><a href=\"https:\/\/www.lesmaconsdelacreuse.fr\/annuaires\/lettre-l\/l_559\/\" title=\"Lire la suite...\">Lire la suite<\/a><\/p>\n","protected":false},"author":6,"featured_media":0,"comment_status":"closed","ping_status":"closed","sticky":false,"template":"","format":"standard","meta":{"_acf_changed":false,"_exactmetrics_skip_tracking":false,"_exactmetrics_sitenote_active":false,"_exactmetrics_sitenote_note":"","_exactmetrics_sitenote_category":0,"footnotes":""},"categories":[19],"tags":[],"class_list":["post-6591","post","type-post","status-publish","format-standard","hentry","category-lettre-l"],"acf":[],"_links":{"self":[{"href":"https:\/\/www.lesmaconsdelacreuse.fr\/annuaires\/wp-json\/wp\/v2\/posts\/6591","targetHints":{"allow":["GET"]}}],"collection":[{"href":"https:\/\/www.lesmaconsdelacreuse.fr\/annuaires\/wp-json\/wp\/v2\/posts"}],"about":[{"href":"https:\/\/www.lesmaconsdelacreuse.fr\/annuaires\/wp-json\/wp\/v2\/types\/post"}],"author":[{"embeddable":true,"href":"https:\/\/www.lesmaconsdelacreuse.fr\/annuaires\/wp-json\/wp\/v2\/users\/6"}],"replies":[{"embeddable":true,"href":"https:\/\/www.lesmaconsdelacreuse.fr\/annuaires\/wp-json\/wp\/v2\/comments?post=6591"}],"version-history":[{"count":0,"href":"https:\/\/www.lesmaconsdelacreuse.fr\/annuaires\/wp-json\/wp\/v2\/posts\/6591\/revisions"}],"wp:attachment":[{"href":"https:\/\/www.lesmaconsdelacreuse.fr\/annuaires\/wp-json\/wp\/v2\/media?parent=6591"}],"wp:term":[{"taxonomy":"category","embeddable":true,"href":"https:\/\/www.lesmaconsdelacreuse.fr\/annuaires\/wp-json\/wp\/v2\/categories?post=6591"},{"taxonomy":"post_tag","embeddable":true,"href":"https:\/\/www.lesmaconsdelacreuse.fr\/annuaires\/wp-json\/wp\/v2\/tags?post=6591"}],"curies":[{"name":"wp","href":"https:\/\/api.w.org\/{rel}","templated":true}]}}