{"id":6597,"date":"2019-07-28T13:41:06","date_gmt":"2019-07-28T11:41:06","guid":{"rendered":"http:\/\/lesmaconsdelacreuse.fr\/annuaire\/?p=6597"},"modified":"2022-06-06T08:10:44","modified_gmt":"2022-06-06T06:10:44","slug":"l_552","status":"publish","type":"post","link":"https:\/\/www.lesmaconsdelacreuse.fr\/annuaires\/lettre-l\/l_552\/","title":{"rendered":"LAURIER Jean Eug\u00e8ne (1877-1927)"},"content":{"rendered":"<p class=\"last-updated\"><strong>Mis \u00e0 jour le :<\/strong> 27\/04\/2026<\/p><h2 style=\"text-align: center;\"><strong>Jean Eug\u00e8ne LAURIER<\/strong><\/h2>\n<p style=\"text-align: center;\"><strong>1877 \u2013 1927<\/strong><\/p>\n<p><a href=\"https:\/\/www.lesmaconsdelacreuse.fr\/annuaires\/wp-content\/uploads\/2019\/07\/LAURIER-Jean-Eugene.jpg\"><img loading=\"lazy\" decoding=\"async\" class=\"size-full wp-image-199963 aligncenter\" src=\"https:\/\/www.lesmaconsdelacreuse.fr\/annuaires\/wp-content\/uploads\/2019\/07\/LAURIER-Jean-Eugene.jpg\" alt=\"\" width=\"178\" height=\"64\" srcset=\"https:\/\/www.lesmaconsdelacreuse.fr\/annuaires\/wp-content\/uploads\/2019\/07\/LAURIER-Jean-Eugene.jpg 178w, https:\/\/www.lesmaconsdelacreuse.fr\/annuaires\/wp-content\/uploads\/2019\/07\/LAURIER-Jean-Eugene-16x6.jpg 16w, https:\/\/www.lesmaconsdelacreuse.fr\/annuaires\/wp-content\/uploads\/2019\/07\/LAURIER-Jean-Eugene-150x54.jpg 150w\" sizes=\"auto, (max-width: 178px) 100vw, 178px\" \/><\/a><\/p>\n<h4 style=\"text-align: center;\"><span style=\"color: #008000;\"><strong>ma\u00e7on<\/strong><\/span><\/h4>\n<p style=\"text-align: center;\">n\u00e9 \u00e0 Brudieux (Saint-Martin-Ch\u00e2teau)<\/p>\n<p style=\"text-align: center;\">le 14 avril 1877<\/p>\n<p style=\"text-align: center;\">fils de<\/p>\n<p style=\"text-align: center;\">Blaise LAURIER, <span style=\"color: #008000;\"><strong>ma\u00e7on<\/strong><\/span><\/p>\n<p style=\"text-align: center;\">Marie MARTINAUD, cultivatrice<\/p>\n<p style=\"text-align: center;\"><span style=\"color: #ffffff;\">\u25d9<\/span><\/p>\n<p><strong>En 1898<\/strong><em>, Jean travaille dans le <\/em><span style=\"color: #0000ff;\"><strong>Rh\u00f4ne <\/strong><\/span><em>et y passe le conseil de r\u00e9vision. Il est dispens\u00e9 de service militaire, ayant un fr\u00e8re sous les drapeaux.<\/em><\/p>\n<p><strong>En 1899<\/strong><em>, il habite <\/em><span style=\"color: #0000ff;\"><strong>Lyon (69)<\/strong><\/span><em> 33, rue Villeroy\u00a0;<\/em><\/p>\n<p><strong>En 1903<\/strong><em>, il est \u00e0 Villeurbanne, 9, rue Persoz. Il y \u00e9pouse Marie M\u00e9lanie <\/em><strong>BAUDRAN <\/strong><em>le 7 janvier de la m\u00eame ann\u00e9e.<\/em><\/p>\n<p><strong>En 1904<\/strong><em>, les \u00e9poux habitent Lyon, 107, rue Moncey\u00a0;<\/em><\/p>\n<p><strong>en 1905<\/strong><em>, 6, rue Am\u00e9d\u00e9e Bonnet\u00a0;<\/em><\/p>\n<p><strong>en 1908<\/strong><em>, 79, rue Vauban. <\/em><\/p>\n<p><strong>\u00a0En 1913<\/strong><em>, il sont \u00e0 <\/em><strong><span style=\"color: #0000ff;\">Villeurbanne (69<\/span>)<\/strong><em> et logent 7, rue de la Jonch\u00e8re\u00a0;<\/em><\/p>\n<p><strong>\u00a0en 1927<\/strong><em>, 7, rue du Docteur Rollet\u00a0;<\/em><\/p>\n<p><em>\u00a0<\/em><em>\u00a0Jean y d\u00e9c\u00e8de le 7 janvier de la m\u00eame ann\u00e9e, \u00e2g\u00e9 de 49 ans.<\/em><\/p>\n","protected":false},"excerpt":{"rendered":"<p>Mis \u00e0 jour le : 27\/04\/2026Jean Eug\u00e8ne LAURIER 1877 \u2013 1927 ma\u00e7on n\u00e9 \u00e0 Brudieux (Saint-Martin-Ch\u00e2teau) le 14 avril 1877 fils de Blaise LAURIER, ma\u00e7on Marie MARTINAUD, cultivatrice \u25d9 En 1898, Jean travaille dans le Rh\u00f4ne et y passe le conseil de r\u00e9vision. Il est dispens\u00e9 de service militaire, ayant un fr\u00e8re sous les drapeaux. ..<\/p>\n<div class=\"clear-fix\"><\/div>\n<p><a href=\"https:\/\/www.lesmaconsdelacreuse.fr\/annuaires\/lettre-l\/l_552\/\" title=\"Lire la suite...\">Lire la suite<\/a><\/p>\n","protected":false},"author":6,"featured_media":0,"comment_status":"closed","ping_status":"closed","sticky":false,"template":"","format":"standard","meta":{"_acf_changed":false,"_exactmetrics_skip_tracking":false,"_exactmetrics_sitenote_active":false,"_exactmetrics_sitenote_note":"","_exactmetrics_sitenote_category":0,"footnotes":""},"categories":[19],"tags":[],"class_list":["post-6597","post","type-post","status-publish","format-standard","hentry","category-lettre-l"],"acf":[],"_links":{"self":[{"href":"https:\/\/www.lesmaconsdelacreuse.fr\/annuaires\/wp-json\/wp\/v2\/posts\/6597","targetHints":{"allow":["GET"]}}],"collection":[{"href":"https:\/\/www.lesmaconsdelacreuse.fr\/annuaires\/wp-json\/wp\/v2\/posts"}],"about":[{"href":"https:\/\/www.lesmaconsdelacreuse.fr\/annuaires\/wp-json\/wp\/v2\/types\/post"}],"author":[{"embeddable":true,"href":"https:\/\/www.lesmaconsdelacreuse.fr\/annuaires\/wp-json\/wp\/v2\/users\/6"}],"replies":[{"embeddable":true,"href":"https:\/\/www.lesmaconsdelacreuse.fr\/annuaires\/wp-json\/wp\/v2\/comments?post=6597"}],"version-history":[{"count":3,"href":"https:\/\/www.lesmaconsdelacreuse.fr\/annuaires\/wp-json\/wp\/v2\/posts\/6597\/revisions"}],"predecessor-version":[{"id":199964,"href":"https:\/\/www.lesmaconsdelacreuse.fr\/annuaires\/wp-json\/wp\/v2\/posts\/6597\/revisions\/199964"}],"wp:attachment":[{"href":"https:\/\/www.lesmaconsdelacreuse.fr\/annuaires\/wp-json\/wp\/v2\/media?parent=6597"}],"wp:term":[{"taxonomy":"category","embeddable":true,"href":"https:\/\/www.lesmaconsdelacreuse.fr\/annuaires\/wp-json\/wp\/v2\/categories?post=6597"},{"taxonomy":"post_tag","embeddable":true,"href":"https:\/\/www.lesmaconsdelacreuse.fr\/annuaires\/wp-json\/wp\/v2\/tags?post=6597"}],"curies":[{"name":"wp","href":"https:\/\/api.w.org\/{rel}","templated":true}]}}