{"id":6605,"date":"2019-07-28T13:41:06","date_gmt":"2019-07-28T11:41:06","guid":{"rendered":"http:\/\/lesmaconsdelacreuse.fr\/annuaire\/?p=6605"},"modified":"2022-12-13T14:40:21","modified_gmt":"2022-12-13T13:40:21","slug":"l_549","status":"publish","type":"post","link":"https:\/\/www.lesmaconsdelacreuse.fr\/annuaires\/lettre-l\/l_549\/","title":{"rendered":"LAURENT Martial (vers 1665-entre 1703 et 1711)"},"content":{"rendered":"<p class=\"last-updated\"><strong>Mis \u00e0 jour le :<\/strong> 27\/04\/2026<\/p><h2 style=\"text-align: center;\"><strong>Martial LAURENT<\/strong><\/h2>\n<p style=\"text-align: center;\"><strong>Martial GROSPEIX<\/strong><\/p>\n<p style=\"text-align: center;\"><strong>vers 1665 \u2013 entre 1703 et 1711<\/strong><\/p>\n<p style=\"text-align: center;\"><img decoding=\"async\" title=\"\" src=\"https:\/\/lesmaconsdelacreuse.fr\/annuaire\/wp-content\/uploads\/2019\/07\/image1-1643.jpg\" alt=\"\" data-source-id=\"i.0\" data-asset-id=\"6604\" \/><\/p>\n<h4 style=\"text-align: center;\"><span style=\"color: #008000;\"><strong>ma\u00e7on<\/strong><\/span><\/h4>\n<p style=\"text-align: center;\">n\u00e9 \u00e0 Vauveix (Roy\u00e8re)\u00a0?<\/p>\n<p style=\"text-align: center;\">vers 1665<\/p>\n<p style=\"text-align: center;\">fils de<\/p>\n<p style=\"text-align: center;\">Jean LAURENT \/ Jeanne B\u00c9NASSY<\/p>\n<p style=\"text-align: center;\"><span style=\"color: #ffffff;\">\u25d9<\/span><\/p>\n<p><em>Martial \u00e9pouse L\u00e9onarde <\/em><strong>PETITBOUT<\/strong><em> le 26 f\u00e9vrier <\/em><strong>1685<\/strong><em> \u00e0 Roy\u00e8re.<\/em><\/p>\n<p><em>Ils habitent Vauveix o\u00f9 L\u00e9onarde d\u00e9c\u00e8de le 21 f\u00e9vrier <\/em><strong>1700<\/strong><em>, \u00e2g\u00e9e de 34 ans.<\/em><\/p>\n<p>S17<\/p>\n","protected":false},"excerpt":{"rendered":"<p>Mis \u00e0 jour le : 27\/04\/2026Martial LAURENT Martial GROSPEIX vers 1665 \u2013 entre 1703 et 1711 ma\u00e7on n\u00e9 \u00e0 Vauveix (Roy\u00e8re)\u00a0? vers 1665 fils de Jean LAURENT \/ Jeanne B\u00c9NASSY \u25d9 Martial \u00e9pouse L\u00e9onarde PETITBOUT le 26 f\u00e9vrier 1685 \u00e0 Roy\u00e8re. Ils habitent Vauveix o\u00f9 L\u00e9onarde d\u00e9c\u00e8de le 21 f\u00e9vrier 1700, \u00e2g\u00e9e de 34 ans. ..<\/p>\n<div class=\"clear-fix\"><\/div>\n<p><a href=\"https:\/\/www.lesmaconsdelacreuse.fr\/annuaires\/lettre-l\/l_549\/\" title=\"Lire la suite...\">Lire la suite<\/a><\/p>\n","protected":false},"author":6,"featured_media":0,"comment_status":"closed","ping_status":"closed","sticky":false,"template":"","format":"standard","meta":{"_acf_changed":false,"_exactmetrics_skip_tracking":false,"_exactmetrics_sitenote_active":false,"_exactmetrics_sitenote_note":"","_exactmetrics_sitenote_category":0,"footnotes":""},"categories":[19],"tags":[],"class_list":["post-6605","post","type-post","status-publish","format-standard","hentry","category-lettre-l"],"acf":[],"_links":{"self":[{"href":"https:\/\/www.lesmaconsdelacreuse.fr\/annuaires\/wp-json\/wp\/v2\/posts\/6605","targetHints":{"allow":["GET"]}}],"collection":[{"href":"https:\/\/www.lesmaconsdelacreuse.fr\/annuaires\/wp-json\/wp\/v2\/posts"}],"about":[{"href":"https:\/\/www.lesmaconsdelacreuse.fr\/annuaires\/wp-json\/wp\/v2\/types\/post"}],"author":[{"embeddable":true,"href":"https:\/\/www.lesmaconsdelacreuse.fr\/annuaires\/wp-json\/wp\/v2\/users\/6"}],"replies":[{"embeddable":true,"href":"https:\/\/www.lesmaconsdelacreuse.fr\/annuaires\/wp-json\/wp\/v2\/comments?post=6605"}],"version-history":[{"count":1,"href":"https:\/\/www.lesmaconsdelacreuse.fr\/annuaires\/wp-json\/wp\/v2\/posts\/6605\/revisions"}],"predecessor-version":[{"id":203027,"href":"https:\/\/www.lesmaconsdelacreuse.fr\/annuaires\/wp-json\/wp\/v2\/posts\/6605\/revisions\/203027"}],"wp:attachment":[{"href":"https:\/\/www.lesmaconsdelacreuse.fr\/annuaires\/wp-json\/wp\/v2\/media?parent=6605"}],"wp:term":[{"taxonomy":"category","embeddable":true,"href":"https:\/\/www.lesmaconsdelacreuse.fr\/annuaires\/wp-json\/wp\/v2\/categories?post=6605"},{"taxonomy":"post_tag","embeddable":true,"href":"https:\/\/www.lesmaconsdelacreuse.fr\/annuaires\/wp-json\/wp\/v2\/tags?post=6605"}],"curies":[{"name":"wp","href":"https:\/\/api.w.org\/{rel}","templated":true}]}}