{"id":6613,"date":"2019-07-28T13:41:05","date_gmt":"2019-07-28T11:41:05","guid":{"rendered":"http:\/\/lesmaconsdelacreuse.fr\/annuaire\/?p=6613"},"modified":"2020-10-03T13:43:56","modified_gmt":"2020-10-03T11:43:56","slug":"l_848","status":"publish","type":"post","link":"https:\/\/www.lesmaconsdelacreuse.fr\/annuaires\/lettre-l\/l_848\/","title":{"rendered":"LECLAIR Christophe Jacques (1823-1879)"},"content":{"rendered":"<p class=\"last-updated\"><strong>Mis \u00e0 jour le :<\/strong> 28\/04\/2026<\/p><h2 style=\"text-align: center;\"><strong>Christophe Jacques LECLAIR<\/strong><\/h2>\n<p style=\"text-align: center;\"><strong>1823 \u2013 1879<\/strong><\/p>\n<p style=\"text-align: center;\"><img decoding=\"async\" title=\"\" src=\"https:\/\/lesmaconsdelacreuse.fr\/annuaire\/wp-content\/uploads\/2019\/07\/image1-1644.jpg\" alt=\"\" data-source-id=\"i.0\" data-asset-id=\"6610\" \/><\/p>\n<h4 style=\"text-align: center;\"><span style=\"color: #008000;\"><strong>entrepreneur de ma\u00e7onnerie<\/strong><\/span><\/h4>\n<p>&nbsp;<\/p>\n<p style=\"text-align: center;\">n\u00e9 au bourg de Saint-Pierre-le-Bost<\/p>\n<p style=\"text-align: center;\">le 11 mai 1823<\/p>\n<p style=\"text-align: center;\">fils de<\/p>\n<p style=\"text-align: center;\">L\u00e9onard LECLAIR, \u25ba<a href=\"https:\/\/www.lesmaconsdelacreuse.fr\/annuaires\/wp-content\/uploads\/2020\/08\/SCIEUR-DE-LONG.png\" target=\"_blank\" rel=\"noopener noreferrer\">scieur de long<\/a> \/ L\u00e9onarde JARRY<\/p>\n<p style=\"text-align: center;\">propri\u00e9taires cultivateurs<\/p>\n<p style=\"text-align: center;\"><span style=\"color: #ffffff;\">\u25d9<\/span><\/p>\n<p><em>Christophe, <\/em><span style=\"color: #008000;\"><strong>ma\u00e7on<\/strong><\/span><em>, \u00e9pouse Marie <\/em><strong>MEAUME<\/strong><em> le 8 f\u00e9vrier <\/em><strong>1855<\/strong><em> \u00e0 Saint-Pierre-le-Bost (contrat JB Junien FAURE de Saint-Martin-Ch\u00e2teau). <\/em><\/p>\n<p><em>Leur premier enfant nait \u00e0 <\/em><span style=\"color: #0000ff;\"><strong>Lyon (69)<\/strong><\/span><em> le 24 novembre de la m\u00eame ann\u00e9e.<\/em><\/p>\n<p><strong>En 1861<\/strong><em>, ils habitent 50, grande rue, 4e arrondissement\u00a0;<\/em><\/p>\n<p><strong>en 1863<\/strong><em>, 3, rue Gigodot\u00a0;<\/em><\/p>\n<p><strong>en 1866 et 1867<\/strong><em>, au 11 de la m\u00eame rue.<\/em><\/p>\n<p><em>Marie d\u00e9c\u00e8de le 26 octobre <\/em><strong>1872<\/strong><em> en leur domicile, 27, rue d\u2019 Isly (une autre source dit 25, rue Dumont d\u2019 Urville). <\/em><\/p>\n<p><strong>En 1874<\/strong><em>, Christophe Jacques habite 13, rue Gigodot.<\/em><\/p>\n<p><span style=\"color: #008000;\"><strong>Ma\u00eetre-ma\u00e7on<\/strong><\/span><em>, il se remarie le 19 ao\u00fbt <\/em><strong>1876<\/strong> <em>\u00e0 Lyon 4e avec Marguerite (ou Agathe) <\/em><strong>BOTTET<\/strong><em>, tisseuse lyonnaise\u00a0(contrat Chardenet); il \u00a0habite \u00e0 la m\u00eame adresse.<\/em><\/p>\n<p><strong>En 1879<\/strong><em>, les \u00e9poux habitent 28, rue du Chariot d\u2019Or.<\/em><\/p>\n<p><em>Christophe d\u00e9c\u00e8de \u00e0 \u25ba<a href=\"https:\/\/www.lesmaconsdelacreuse.fr\/annuaires\/\/wp-content\/uploads\/PHOTOS_-_CARTES_POSTALES\/LYON_-_Hopital_de_lAntiquaille.jpg\" target=\"_blank\" rel=\"noopener noreferrer\">l<\/a><a href=\"https:\/\/www.lesmaconsdelacreuse.fr\/annuaires\/\/wp-content\/uploads\/PHOTOS_-_CARTES_POSTALES\/LYON_-_Hopital_de_lAntiquaille.jpg\" target=\"_blank\" rel=\"noopener noreferrer\">\u2019<\/a><a href=\"https:\/\/www.lesmaconsdelacreuse.fr\/annuaires\/\/wp-content\/uploads\/PHOTOS_-_CARTES_POSTALES\/LYON_-_Hopital_de_lAntiquaille.jpg\" target=\"_blank\" rel=\"noopener noreferrer\">H\u00f4pital de l\u2019Antiquaille<\/a>, Lyon 5e le 30 juillet de la m\u00eame ann\u00e9e, \u00e2g\u00e9 de 56 ans. <\/em><\/p>\n<p><em>Sa veuve d\u00e9c\u00e8de le 23 octobre suivant, au 4e arrondissement, \u00e2g\u00e9e de 58 ans, en son domicile, 2, rue des Trois Enfants.<\/em><\/p>\n<p>&nbsp;<\/p>\n","protected":false},"excerpt":{"rendered":"<p>Mis \u00e0 jour le : 28\/04\/2026Christophe Jacques LECLAIR 1823 \u2013 1879 entrepreneur de ma\u00e7onnerie &nbsp; n\u00e9 au bourg de Saint-Pierre-le-Bost le 11 mai 1823 fils de L\u00e9onard LECLAIR, \u25bascieur de long \/ L\u00e9onarde JARRY propri\u00e9taires cultivateurs \u25d9 Christophe, ma\u00e7on, \u00e9pouse Marie MEAUME le 8 f\u00e9vrier 1855 \u00e0 Saint-Pierre-le-Bost (contrat JB Junien FAURE de Saint-Martin-Ch\u00e2teau). Leur ..<\/p>\n<div class=\"clear-fix\"><\/div>\n<p><a href=\"https:\/\/www.lesmaconsdelacreuse.fr\/annuaires\/lettre-l\/l_848\/\" title=\"Lire la suite...\">Lire la suite<\/a><\/p>\n","protected":false},"author":6,"featured_media":0,"comment_status":"closed","ping_status":"closed","sticky":false,"template":"","format":"standard","meta":{"_acf_changed":false,"_exactmetrics_skip_tracking":false,"_exactmetrics_sitenote_active":false,"_exactmetrics_sitenote_note":"","_exactmetrics_sitenote_category":0,"footnotes":""},"categories":[19],"tags":[],"class_list":["post-6613","post","type-post","status-publish","format-standard","hentry","category-lettre-l"],"acf":[],"_links":{"self":[{"href":"https:\/\/www.lesmaconsdelacreuse.fr\/annuaires\/wp-json\/wp\/v2\/posts\/6613","targetHints":{"allow":["GET"]}}],"collection":[{"href":"https:\/\/www.lesmaconsdelacreuse.fr\/annuaires\/wp-json\/wp\/v2\/posts"}],"about":[{"href":"https:\/\/www.lesmaconsdelacreuse.fr\/annuaires\/wp-json\/wp\/v2\/types\/post"}],"author":[{"embeddable":true,"href":"https:\/\/www.lesmaconsdelacreuse.fr\/annuaires\/wp-json\/wp\/v2\/users\/6"}],"replies":[{"embeddable":true,"href":"https:\/\/www.lesmaconsdelacreuse.fr\/annuaires\/wp-json\/wp\/v2\/comments?post=6613"}],"version-history":[{"count":0,"href":"https:\/\/www.lesmaconsdelacreuse.fr\/annuaires\/wp-json\/wp\/v2\/posts\/6613\/revisions"}],"wp:attachment":[{"href":"https:\/\/www.lesmaconsdelacreuse.fr\/annuaires\/wp-json\/wp\/v2\/media?parent=6613"}],"wp:term":[{"taxonomy":"category","embeddable":true,"href":"https:\/\/www.lesmaconsdelacreuse.fr\/annuaires\/wp-json\/wp\/v2\/categories?post=6613"},{"taxonomy":"post_tag","embeddable":true,"href":"https:\/\/www.lesmaconsdelacreuse.fr\/annuaires\/wp-json\/wp\/v2\/tags?post=6613"}],"curies":[{"name":"wp","href":"https:\/\/api.w.org\/{rel}","templated":true}]}}