{"id":6615,"date":"2019-07-28T13:41:05","date_gmt":"2019-07-28T11:41:05","guid":{"rendered":"http:\/\/lesmaconsdelacreuse.fr\/annuaire\/?p=6615"},"modified":"2022-04-10T17:43:32","modified_gmt":"2022-04-10T15:43:32","slug":"l_827","status":"publish","type":"post","link":"https:\/\/www.lesmaconsdelacreuse.fr\/annuaires\/lettre-l\/l_827\/","title":{"rendered":"LEBRAUD Martial (1781-entre 1839 et 1841)"},"content":{"rendered":"<p class=\"last-updated\"><strong>Mis \u00e0 jour le :<\/strong> 27\/04\/2026<\/p><h2 style=\"text-align: center;\"><strong>Martial LEBRAUD<\/strong><\/h2>\n<p style=\"text-align: center;\"><strong>1781 \u2013 entre 1839 et 1841<\/strong><\/p>\n<p style=\"text-align: center;\"><img decoding=\"async\" title=\"\" src=\"https:\/\/lesmaconsdelacreuse.fr\/annuaire\/wp-content\/uploads\/2019\/07\/image1-1644.jpg\" alt=\"\" data-source-id=\"i.0\" data-asset-id=\"6608\" \/><\/p>\n<h4 style=\"text-align: center;\"><span style=\"color: #008000;\"><strong>ma\u00e7on <\/strong>et<strong> cultivateur<\/strong><\/span><\/h4>\n<p style=\"text-align: center;\">n\u00e9 \u00e0 Masgrangeas (Roy\u00e8re)<\/p>\n<p style=\"text-align: center;\">le 29 septembre 1781<\/p>\n<p style=\"text-align: center;\">fils de<\/p>\n<p style=\"text-align: center;\">Jean LEBRAUD,<span style=\"color: #008000;\"><strong> ma\u00e7on<\/strong><\/span><\/p>\n<p style=\"text-align: center;\">Anne LECLERC, cultivatrice<\/p>\n<p style=\"text-align: center;\"><span style=\"color: #ffffff;\">\u25d9<\/span><\/p>\n<p><em>Martial \u00e9pouse Jeanne <\/em><strong>FAUCHER<\/strong><em> le 2 vend\u00e9miaire an IX (24 septembre <\/em><strong>1800<\/strong><em>) \u00e0 Gentioux. <\/em><\/p>\n<p><em>Ils habitent d&rsquo;abord Senoueix, commune de Gentioux.<\/em><\/p>\n<p><em>Ils sont ensuite \u00e0 Villecros, commune de Roy\u00e8re.<\/em><\/p>\n<p><em>\u00a0<\/em><em>Jeanne y d\u00e9c\u00e8de le 1<sup>er<\/sup> septembre <\/em><strong>1836<\/strong><em>, \u00e2g\u00e9e de 55 ans.<\/em><\/p>\n<p><em>Veuf, Martial se remarie le 13 mars <\/em><strong>1839<\/strong><em> \u00e0 Gentioux avec Anne <\/em><strong>BATIME<\/strong><em>.<\/em><\/p>\n","protected":false},"excerpt":{"rendered":"<p>Mis \u00e0 jour le : 27\/04\/2026Martial LEBRAUD 1781 \u2013 entre 1839 et 1841 ma\u00e7on et cultivateur n\u00e9 \u00e0 Masgrangeas (Roy\u00e8re) le 29 septembre 1781 fils de Jean LEBRAUD, ma\u00e7on Anne LECLERC, cultivatrice \u25d9 Martial \u00e9pouse Jeanne FAUCHER le 2 vend\u00e9miaire an IX (24 septembre 1800) \u00e0 Gentioux. Ils habitent d&rsquo;abord Senoueix, commune de Gentioux. Ils ..<\/p>\n<div class=\"clear-fix\"><\/div>\n<p><a href=\"https:\/\/www.lesmaconsdelacreuse.fr\/annuaires\/lettre-l\/l_827\/\" title=\"Lire la suite...\">Lire la suite<\/a><\/p>\n","protected":false},"author":6,"featured_media":0,"comment_status":"closed","ping_status":"closed","sticky":false,"template":"","format":"standard","meta":{"_acf_changed":false,"_exactmetrics_skip_tracking":false,"_exactmetrics_sitenote_active":false,"_exactmetrics_sitenote_note":"","_exactmetrics_sitenote_category":0,"footnotes":""},"categories":[19],"tags":[],"class_list":["post-6615","post","type-post","status-publish","format-standard","hentry","category-lettre-l"],"acf":[],"_links":{"self":[{"href":"https:\/\/www.lesmaconsdelacreuse.fr\/annuaires\/wp-json\/wp\/v2\/posts\/6615","targetHints":{"allow":["GET"]}}],"collection":[{"href":"https:\/\/www.lesmaconsdelacreuse.fr\/annuaires\/wp-json\/wp\/v2\/posts"}],"about":[{"href":"https:\/\/www.lesmaconsdelacreuse.fr\/annuaires\/wp-json\/wp\/v2\/types\/post"}],"author":[{"embeddable":true,"href":"https:\/\/www.lesmaconsdelacreuse.fr\/annuaires\/wp-json\/wp\/v2\/users\/6"}],"replies":[{"embeddable":true,"href":"https:\/\/www.lesmaconsdelacreuse.fr\/annuaires\/wp-json\/wp\/v2\/comments?post=6615"}],"version-history":[{"count":2,"href":"https:\/\/www.lesmaconsdelacreuse.fr\/annuaires\/wp-json\/wp\/v2\/posts\/6615\/revisions"}],"predecessor-version":[{"id":197373,"href":"https:\/\/www.lesmaconsdelacreuse.fr\/annuaires\/wp-json\/wp\/v2\/posts\/6615\/revisions\/197373"}],"wp:attachment":[{"href":"https:\/\/www.lesmaconsdelacreuse.fr\/annuaires\/wp-json\/wp\/v2\/media?parent=6615"}],"wp:term":[{"taxonomy":"category","embeddable":true,"href":"https:\/\/www.lesmaconsdelacreuse.fr\/annuaires\/wp-json\/wp\/v2\/categories?post=6615"},{"taxonomy":"post_tag","embeddable":true,"href":"https:\/\/www.lesmaconsdelacreuse.fr\/annuaires\/wp-json\/wp\/v2\/tags?post=6615"}],"curies":[{"name":"wp","href":"https:\/\/api.w.org\/{rel}","templated":true}]}}