{"id":6616,"date":"2019-07-28T13:41:05","date_gmt":"2019-07-28T11:41:05","guid":{"rendered":"http:\/\/lesmaconsdelacreuse.fr\/annuaire\/?p=6616"},"modified":"2020-01-20T11:27:29","modified_gmt":"2020-01-20T10:27:29","slug":"l_857","status":"publish","type":"post","link":"https:\/\/www.lesmaconsdelacreuse.fr\/annuaires\/lettre-l\/l_857\/","title":{"rendered":"LECLERC Jean (1728-entre 1755 et 1760)"},"content":{"rendered":"<p class=\"last-updated\"><strong>Mis \u00e0 jour le :<\/strong> 27\/04\/2026<\/p><h2 style=\"text-align: center;\"><strong>Jean LECLERC<\/strong><\/h2>\n<p style=\"text-align: center;\"><strong>1728 \u2013 entre 1755 et 1760<\/strong><\/p>\n<p style=\"text-align: center;\"><img decoding=\"async\" title=\"\" src=\"https:\/\/lesmaconsdelacreuse.fr\/annuaire\/wp-content\/uploads\/2019\/07\/image1-1644.jpg\" alt=\"\" data-source-id=\"i.0\" data-asset-id=\"6609\" \/><\/p>\n<h4 style=\"text-align: center;\"><span style=\"color: #008000;\"><strong>ma\u00e7on <\/strong>et <strong>cultivateur<\/strong><\/span><\/h4>\n<p style=\"text-align: center;\">n\u00e9 \u00e0 Lascaux (Roy\u00e8re)<\/p>\n<p style=\"text-align: center;\">le 13 octobre 1728<\/p>\n<p style=\"text-align: center;\">fils de<\/p>\n<p style=\"text-align: center;\">Marc LECLERC, <span style=\"color: #008000;\"><strong>ma\u00e7on <\/strong><\/span><strong>\/ <\/strong>Marguerite JEANSANETAS<\/p>\n<p style=\"text-align: center;\">laboureurs<\/p>\n<p style=\"text-align: center;\"><span style=\"color: #ffffff;\">\u25d9<\/span><\/p>\n<p><em>Jean \u00e9pouse Marie <\/em><strong>BOURDEAU<\/strong><em> le 3 f\u00e9vrier <\/em><strong>1750<\/strong><em> \u00e0 Roy\u00e8re (contrat Coutisson).<\/em><\/p>\n<p><em>Marie d\u00e9c\u00e8de \u00e0 Haute-Faye, m\u00eame paroisse le 25 mai <\/em><strong>1751<\/strong><em>, \u00e2g\u00e9e de 13 ans <\/em>(avant la R\u00e9volution, les filles se mariaient \u00e0 partir de 12 ans, les gar\u00e7ons, \u00e0 partir de 14).<\/p>\n<p><em>Jean se remarie le 26 f\u00e9vrier <\/em><strong>1753<\/strong><em> \u00e0 Roy\u00e8re avec L\u00e9onarde <\/em><strong>CL\u00c9MENT<\/strong><em>, veuve de Mathieu CIPI\u00c8RE (contrat Coutisson).<\/em><\/p>\n<p><em> Ils habitent Vauveix, aussi paroisse de Roy\u00e8re. <\/em><\/p>\n<p><em>De nouveau veuve, L\u00e9onarde se remarie <\/em><strong>en 1761<\/strong><em> avec Jean LAGAYE, et d\u00e9c\u00e8de \u00e0 Vauveix le 19 mai 1781, \u00e2g\u00e9e de 46 ans. <\/em><\/p>\n","protected":false},"excerpt":{"rendered":"<p>Mis \u00e0 jour le : 27\/04\/2026Jean LECLERC 1728 \u2013 entre 1755 et 1760 ma\u00e7on et cultivateur n\u00e9 \u00e0 Lascaux (Roy\u00e8re) le 13 octobre 1728 fils de Marc LECLERC, ma\u00e7on \/ Marguerite JEANSANETAS laboureurs \u25d9 Jean \u00e9pouse Marie BOURDEAU le 3 f\u00e9vrier 1750 \u00e0 Roy\u00e8re (contrat Coutisson). Marie d\u00e9c\u00e8de \u00e0 Haute-Faye, m\u00eame paroisse le 25 mai ..<\/p>\n<div class=\"clear-fix\"><\/div>\n<p><a href=\"https:\/\/www.lesmaconsdelacreuse.fr\/annuaires\/lettre-l\/l_857\/\" title=\"Lire la suite...\">Lire la suite<\/a><\/p>\n","protected":false},"author":6,"featured_media":0,"comment_status":"closed","ping_status":"closed","sticky":false,"template":"","format":"standard","meta":{"_acf_changed":false,"_exactmetrics_skip_tracking":false,"_exactmetrics_sitenote_active":false,"_exactmetrics_sitenote_note":"","_exactmetrics_sitenote_category":0,"footnotes":""},"categories":[19],"tags":[],"class_list":["post-6616","post","type-post","status-publish","format-standard","hentry","category-lettre-l"],"acf":[],"_links":{"self":[{"href":"https:\/\/www.lesmaconsdelacreuse.fr\/annuaires\/wp-json\/wp\/v2\/posts\/6616","targetHints":{"allow":["GET"]}}],"collection":[{"href":"https:\/\/www.lesmaconsdelacreuse.fr\/annuaires\/wp-json\/wp\/v2\/posts"}],"about":[{"href":"https:\/\/www.lesmaconsdelacreuse.fr\/annuaires\/wp-json\/wp\/v2\/types\/post"}],"author":[{"embeddable":true,"href":"https:\/\/www.lesmaconsdelacreuse.fr\/annuaires\/wp-json\/wp\/v2\/users\/6"}],"replies":[{"embeddable":true,"href":"https:\/\/www.lesmaconsdelacreuse.fr\/annuaires\/wp-json\/wp\/v2\/comments?post=6616"}],"version-history":[{"count":0,"href":"https:\/\/www.lesmaconsdelacreuse.fr\/annuaires\/wp-json\/wp\/v2\/posts\/6616\/revisions"}],"wp:attachment":[{"href":"https:\/\/www.lesmaconsdelacreuse.fr\/annuaires\/wp-json\/wp\/v2\/media?parent=6616"}],"wp:term":[{"taxonomy":"category","embeddable":true,"href":"https:\/\/www.lesmaconsdelacreuse.fr\/annuaires\/wp-json\/wp\/v2\/categories?post=6616"},{"taxonomy":"post_tag","embeddable":true,"href":"https:\/\/www.lesmaconsdelacreuse.fr\/annuaires\/wp-json\/wp\/v2\/tags?post=6616"}],"curies":[{"name":"wp","href":"https:\/\/api.w.org\/{rel}","templated":true}]}}